{"id":486,"date":"2007-01-22T14:22:42","date_gmt":"2007-01-22T13:22:42","guid":{"rendered":"http:\/\/iskwew.com\/blogg\/2007\/01\/22\/konspiratorisk-sn%c3%b8ball\/"},"modified":"2008-02-26T22:58:51","modified_gmt":"2008-02-26T21:58:51","slug":"konspiratorisk-snobball","status":"publish","type":"post","link":"https:\/\/iskwew.com\/blogg\/2007\/01\/22\/konspiratorisk-snobball\/","title":{"rendered":"Konspiratorisk sn\u00f8ball"},"content":{"rendered":"<p>Den sn\u00f8ballen som er Valla-saken ser ut til \u00e5 rulle videre med uforminsket st\u00f8rrelse og styrke. Og jeg begynner \u00e5 bli skeptisk til at alt er tilfeldig.<\/p>\n<p><strong>Om noe har trillrunde \u00f8yne, fj\u00e6r og sier uhu, s\u00e5 er det gjerne en ugle i mosen. <\/strong><\/p>\n<p>Det dukker opp stadig nye historier om Vallas tyranniske lederstil, det dukker opp flere og flere som legger vekt p\u00e5 at forbindelsen mellom LO og AP ikke er bra, og til sist kommer ogs\u00e5 kritikken internt i LO. Noe sier meg at det er noen Ugler i mosen her. Jeg har vondt for \u00e5 tro at alt dette skal v\u00e6re tilfeldig, til det ser det alt for sekvensielt og regissert ut.<\/p>\n<p>Fra Yssen gikk ut har det dukket opp mennesker som beskriver Vallas lederstil som helt umulig. Og det er den sikkert, jeg tror ikke det er r\u00f8yk uten ild her. Men likevel&#8230; her har folk b\u00e5ret p\u00e5 hemmeligheten i \u00e5revis, og s\u00e5 bruker de kun kort tid til \u00e5 bestemme seg for \u00e5 g\u00e5 ut. Yssen brukte m\u00e5neder, sier hun. Men om disse andre ikke har visst hva Yssen skulle gj\u00f8re, s\u00e5 har de alts\u00e5 helt spontant gjort det samme for \u00e5 st\u00f8tte Yssen.<\/p>\n<p>Den eneste som ikke kommenterer noe som helst, er Stoltenberg. Han holder seg servilt n\u00f8ytral. Eller? Det han i hvert fall gj\u00f8r, er \u00e5 tillate at andre fra Ap uttaler seg. Normalt er det ikke slik at AP-folk uttaler seg i hytt og pine. Man har hatt stor disiplin n\u00e5r det gjelder \u00e5p ta diskusjoner om slike sp\u00f8rsm\u00e5l internt. Men ikke denne gangen. N\u00e5 er det fritt frem for de som vil til \u00e5 uttale seg. Noe de ogs\u00e5 gj\u00f8re.<\/p>\n<p>Det uttales friskt fra deler av LO ogs\u00e5, blant annet av Kjell Bj\u00f8rndalen. Det er heller ikke helt vanlig, s\u00e5 vidt jeg vet.<\/p>\n<p>Som i enhver god konspirasjonsteori er det viktig \u00e5 sp\u00f8rre seg <strong>hvem som tjener p\u00e5 dette<\/strong>. Jeg tror som kjent Stoltenberg har mest \u00e5 tjene, for han \u00f8nsker ikke s\u00e5 tette b\u00e5nd mellom LO og AP som det har v\u00e6rt historisk. Dessuten har Valla v\u00e6rt sterk og klart \u00e5 tvinge ham i kne i f.eks. sykel\u00f8nnssaken. Og hun tilh\u00f8rer venstresiden i AP.<\/p>\n<p>Kanskje er Valla \u00e5 anse som en dinosaur fra tidligere tider, som man ikke \u00f8nsker \u00e5 assosieres med. Kunne det v\u00e6re noe mer pikant enn at en leder i landets st\u00f8rste arbeidstakerorganisasjon avsl\u00f8res som en tyrranisk leder? Pengerot hadde vel v\u00e6rt det, men det er sikkert ikke noe pengerot \u00e5 finne. Og da fungerer &#8220;Tyrannisk leder&#8221; godt som andrevalg. S\u00e6rlig ettersom det sikkert ikke er oppspinn, og at man ved \u00e5 ta Valla p\u00e5 sengen, visste at hun sikkert kom til \u00e5 bli s\u00e5 sinna at hun sa dumme ting, noe hun beviselig har gjort.<\/p>\n<p>Dermed har vi dette <a href=\"http:\/\/goodwill1.wordpress.com\/2007\/01\/21\/tidenes-t%c3%b8ffeste-mediestorm\/\" target=\"_blank\">\u00e5rhundredets mediekj\u00f8r <\/a>i gang, som Goodwill skrev i g\u00e5r.<\/p>\n<p>Og Stoltenberg er statsminister og kan dermed ikke uttale seg om en intern personalsak i LO. Det passer godt inn i konspirasjonsteorien. Men for alt jeg vet er det andre tenkelige konspirasjonsteorier ogs\u00e5. Men Finn Bergesen og NHO st\u00e5r vel ikke bak. De har jo v\u00e6rt veldig tjent med en sterk LO-leder. P\u00e5 den annen side er det jo snart l\u00f8nnsforhandlinger&#8230;<\/p>\n<p>Her er ikke siste ord sagt. Og jeg tror ikke disse hendelsene er helt tilfeldige. Til det kommer de for tett i tid og virker alt for form\u00e5lstjenlige, dersom form\u00e5let er \u00e5 rive Valla ned fra LO-tronen:<\/p>\n<p><strong>11.januar:<\/strong><\/p>\n<p>Ingunn Yssen <a href=\"http:\/\/www.vg.no\/pub\/vgart.hbs?artid=178081\" target=\"_blank\">sier opp i LO<\/a> og offentliggj\u00f8r samtidig <a href=\"http:\/\/www.vg.no\/pub\/vgart.hbs?artid=178098\" target=\"_blank\">oppsigelsesbrevet<\/a> i VG<\/p>\n<p>Valla holder pressekonferanse og <a href=\"http:\/\/www.vg.no\/pub\/vgart.hbs?artid=178124\">benekter alt<\/a>. Sannsynligvis en megatabbe av Valla, for alle tenker ingen r\u00f8yk uten ild, og hun fremst\u00e5r ikke som troverdig. Dessuten var det en stor tabbe \u00e5 bruke notater fra <a href=\"http:\/\/www.vg.no\/pub\/vgart.hbs?artid=178373\" target=\"_blank\">medarbeidersamtale<\/a> med Yssen offentlig. Slikt skal ikke arbeidsgivere gj\u00f8re.<\/p>\n<p><strong>12.januar:<\/strong><\/p>\n<p>Erna Aarnes, tidligere leder i Europa-seksjonen i LO, g\u00e5r ut med <a href=\"http:\/\/www.vg.no\/pub\/vgart.hbs?artid=178250\">st\u00f8tte til Yssen<\/a><\/p>\n<p>Valla stiller p\u00e5 Skavland. Ingunn Yssen ville stille ogs\u00e5, men Valla \u00f8nsket ikke \u00e5 m\u00f8te henne io studio. Hele Norge lurer p\u00e5 hva det var hun hadde <a href=\"http:\/\/www.vg.no\/pub\/vgart.hbs?artid=178341\" target=\"_blank\">skrevet i h\u00e5ndflaten<\/a>. Det <a href=\"http:\/\/www.vg.no\/pub\/vgart.hbs?artid=178560\" target=\"_blank\">sto for\u00f8vrig<\/a> &#8220;Kvinnelig LO-leder og &#8220;Medarbeidersamtaler i dag&#8221;.<br \/>\nStoltenberg vil <a href=\"http:\/\/www.vg.no\/pub\/vgart.hbs?artid=178331\" target=\"_blank\">ikke kommentere<\/a>.<\/p>\n<p><strong>14.januar<\/strong><\/p>\n<p>Valla og Stoltenberg g\u00e5r tur rundt Songsvann. Alt er som f\u00f8r alts\u00e5. Tilsynelatende.<\/p>\n<p><img decoding=\"async\" src=\"http:\/\/www.vg.no\/bilder\/edrum\/1168940090518_48.jpg\" height=\"234\" width=\"313\" \/><\/p>\n<p><strong>15.januar:<\/strong><\/p>\n<p>Det begynner \u00e5 skrives om relasjonen mellom <a href=\"http:\/\/www.vg.no\/pub\/vgart.hbs?artid=178524\" target=\"_blank\">Stoltenberg<\/a>, <a href=\"http:\/\/www.dagbladet.no\/kultur\/2007\/01\/16\/488993.html\" target=\"_blank\">Yssen og hennes eks-mann Kjetil Try <\/a>som er ungdomsvenn av Stoltenberg.<\/p>\n<p><strong>16.januar:<\/strong><\/p>\n<p><a href=\"http:\/\/www.vg.no\/pub\/vgart.hbs?artid=180280\" target=\"_blank\">Arbeidstilsynet<\/a> finner ingen grunn til \u00e5 g\u00e5 inn i LO-saken.<\/p>\n<p>Valla f\u00e5r <a href=\"http:\/\/www.vg.no\/pub\/vgart.hbs?artid=180308\" target=\"_blank\">kritikk<\/a> men ogs\u00e5 <a href=\"http:\/\/www.vg.no\/pub\/vgart.hbs?artid=180310\" target=\"_blank\">st\u00f8tte<\/a> fra sine egne. Mektige Kjell Bj\u00f8rndalen i Fellesforbundet er blant kritikerne.<\/p>\n<p>Stoltenberg <a href=\"http:\/\/www.vg.no\/pub\/vgart.hbs?artid=180327\" target=\"_blank\">nekter \u00e5 kommentere<\/a>.<\/p>\n<p><a href=\"http:\/\/www.vg.no\/pub\/vgart.hbs?artid=180330\">SV-topper r\u00e5der Valla<\/a> til \u00e5 si unnskyld.<\/p>\n<p><strong>17.januar:<\/strong><\/p>\n<p>H\u00f8yesterettsadvokat <a href=\"http:\/\/www.vg.no\/pub\/vgart.hbs?artid=180411\" target=\"_blank\">Berit Reiss-Andersen<\/a> hevder Gerd-Liv Valla kom med trusler mot henne da hun \u00f8nsket \u00e5 g\u00e5 av som statssekret\u00e6r i 1997.<\/p>\n<p>LO starter med kampanje mot mobbing , noe som anses for \u00e5 v\u00e6re enten ekstremt god timing, eller ekstremt d\u00e5rlig timing.<\/p>\n<p>\u00d8kende krav om at Stoltenberg skal uttale seg, men han har ingen kommentarer. Kritikk p\u00e5 <a href=\"http:\/\/www.vg.no\/pub\/vgart.hbs?artid=180495\" target=\"_blank\">Stortinget<\/a>.<\/p>\n<p>P\u00e5 grunn av den aktuelle situasjonen og hensynet til LO som organisasjon, <a href=\"http:\/\/www.vg.no\/pub\/vgart.hbs?artid=180542\" target=\"_blank\">avlyser<\/a> LO-leder Gerd-Liv Valla deltakelsen p\u00e5 World Social Forum i Nairobi, Kenya.<\/p>\n<p><strong>18.januar:<\/strong><\/p>\n<p>\u00d8kende krav om at Valla skal frasi seg vervet som leder i <a href=\"http:\/\/www.vg.no\/pub\/vgart.hbs?artid=180687\" target=\"_blank\">valgkomiteen<\/a> i Arbeiderpartiet, blant annet fra Rune Gerhardsen. \u00d8kende <a href=\"http:\/\/www.vg.no\/pub\/vgart.hbs?artid=180586\" target=\"_blank\">murring i AP<\/a>.<\/p>\n<p>VG offentliggj\u00f8r et <a href=\"http:\/\/www.vg.no\/pub\/vgart.hbs?artid=180592\" target=\"_blank\">internt brev<\/a> der Valla kritiseres for h\u00e5ndteringen av Yssen-saken. Det ser ut til \u00e5 lekke som en sil p\u00e5 Youngstroget.<\/p>\n<p>Det kommer frem at flere forskere p\u00e5 Fredsforskningsinstituttet (PRIO) <a href=\"http:\/\/www.vg.no\/pub\/vgart.hbs?artid=180593\">meldte seg ut av LO i protest<\/a> etter et m\u00f8te med dav\u00e6rende forbundsnestleder Gerd-Liv Valla.<\/p>\n<p>Stoltenberg vil<a href=\"http:\/\/www.vg.no\/pub\/vgart.hbs?artid=180675\"> ikke kommentere<\/a>. Men det vil andre i AP. Normalt legger AP lokk p\u00e5 slike &#8220;interne&#8221; saker i det offentlige rom, men det gj\u00f8r de ikke denne gangen. Alle gis lov til \u00e5 uttale seg om saken, av Martin Kollberg.<\/p>\n<p><strong>19.januar:<\/strong><\/p>\n<p>Valla beklager, f\u00f8rst i Dagsavisen og s\u00e5 p\u00e5 <a href=\"http:\/\/www.vg.no\/pub\/vgart.hbs?artid=180826\">pressekonferanse<\/a>. Det vil si, hun beklager at Yssen har f\u00f8lt seg mobbet, og strengt tatt sier hun ikke unnskyld for noe hun har gjort. Hun avviser Reiss-Andersens fremstilling av saken i Justisdept. med at hun snakket med statsminister <a href=\"http:\/\/www.vg.no\/pub\/vgart.hbs?artid=180839\" target=\"_blank\">Jagland<\/a> om statssekret\u00e6rbyttet. Dette ble en ny stort tabbe, da Jagland dagen etter <a href=\"http:\/\/www.vg.no\/pub\/vgart.hbs?artid=180869\">benekte<\/a>r dette.<\/p>\n<p>De fleste anser unnskyldning for lite troverdig, og at den er &#8220;Too little, too late&#8221;. Presset \u00f8ker, og antall spaltemeter som skrives likes\u00e5.<\/p>\n<p><strong>20.januar:<\/strong><\/p>\n<p>Ingunn Yssen portretteres i <a href=\"http:\/\/www.dagbladet.no\/magasinet\/2007\/01\/22\/489587.html\" target=\"_blank\">Dagbladet Magasinet<\/a>. Hun benekter blant annet kommunikasjon med Stoltenberg i forkant, sier at det var hun alene som besluttet \u00e5 g\u00e5 ut. Men om s\u00e5 ikke var tilfelle, ville hun jo ha benektet likevel.<\/p>\n<p>Kilder p\u00e5 &#8220;innsiden&#8221; hevder at Valla har <a href=\"http:\/\/www.vg.no\/pub\/vgart.hbs?artid=142872\" target=\"_blank\">nektet \u00e5 h\u00f8re p\u00e5 r\u00e5d<\/a> fra Jens.<\/p>\n<p>Valla innr\u00f8mmer at det er riktig at <a href=\"http:\/\/www.vg.no\/pub\/vgart.hbs?artid=142916\" target=\"_blank\">Jagland ikke var informert<\/a> om situasjonen i Justisdept.<\/p>\n<p><strong>21.januar<\/strong><\/p>\n<p><a href=\"http:\/\/iskwew.com\/blogg\/Kjell%20Bj%F8rndalen%20ba%20p%E5%20sekretariatsm%F8tet%20fredag%20LO-leder%20Gerd-Liv%20Valla%20om%20%E5%20trekke%20seg%20som%20kandidat%20til%20leder%20for%20valgkomiteen%20i%20Ap.\" target=\"_blank\">Kjell Bj\u00f8rndalen<\/a> ba p\u00e5 sekretariatsm\u00f8tet (i LO) fredag Gerd-Liv Valla om \u00e5 trekke seg som kandidat til leder for valgkomiteen i Ap.<\/p>\n<p>Sentralstyremedlem <a href=\"http:\/\/www.vg.no\/pub\/vgart.hbs?artid=143019\" target=\"_blank\">Saera Khan<\/a> i AP foresl\u00e5r Hill Martha Solberg som leder i Valgkomiteen. <a href=\"http:\/\/www.vg.no\/pub\/vgart.hbs?artid=143043\" target=\"_blank\">Stadig flere LO- og Ap-topper <\/a>mener Gerd-Liv Valla ikke er rett person til \u00e5 lede det viktige arbeidet i Aps valgkomit\u00e9. Stortingsrepresentantene Rolf Terje Klungeland og Per Rune Henriksen har allerede flagget sin Valla-skepsis, sammen med Aps fylkesledere i Hedmark, Nordland, Rogaland, Nord-Tr\u00f8ndelag, Aust-Agder og Finnmark. Henriksen er selv fylkesleder i Hordaland.<\/p>\n<p><strong>22.januar<\/strong><\/p>\n<p>Sentralkomitem\u00f8te i LO.<\/p>\n<p>Det skal gj\u00f8res en <a href=\"http:\/\/www.vg.no\/pub\/vgart.hbs?artid=143098\" target=\"_blank\">ekstern granskning av Yssen-saken<\/a>.  Og at Valla har full tillit i Sentralkomiteen, i f\u00f8lge Bj\u00f8rndalen.<\/p>\n<p>Og det drar seg skikkelig til n\u00e5r Valla mottar <a href=\"http:\/\/www.vg.no\/pub\/vgart.hbs?artid=143146\" target=\"_blank\">drapstrusler<\/a>.  Det tror jeg p\u00e5 ingen m\u00e5te Stoltenberg st\u00e5r bak.<\/p>\n<p>To be continued.<\/p>\n<p>23.januar<\/p>\n<p>Valla f\u00e5r politibeskyttelse etter drapstrusler.  Valla <a href=\"http:\/\/www.aftenposten.no\/nyheter\/iriks\/article1614154.ece\" target=\"_blank\">jobber hjemmefra<\/a>.<\/p>\n<p>Profileringsekspert mener at det st\u00e5r en <a href=\"http:\/\/www.aftenposten.no\/nyheter\/iriks\/article1613960.ece\" target=\"_blank\">ensom kvinne bak<\/a> truslene.<\/p>\n<p>24.januar<\/p>\n<p><a href=\"http:\/\/www.aftenposten.no\/nyheter\/iriks\/article1613935.ece\" target=\"_blank\">Valla er en god leder<\/a>, sier tidligere statssekret\u00e6r i Justisdepartementet.<\/p>\n","protected":false},"excerpt":{"rendered":"<p>Den sn\u00f8ballen som er Valla-saken ser ut til \u00e5 rulle videre med uforminsket st\u00f8rrelse og styrke. Og jeg begynner \u00e5 bli skeptisk til at alt er tilfeldig. Om noe har trillrunde \u00f8yne, fj\u00e6r og sier uhu, s\u00e5 er det gjerne en ugle i mosen. Det dukker opp stadig nye historier om Vallas tyranniske lederstil, det [&hellip;]<\/p>\n","protected":false},"author":29,"featured_media":0,"comment_status":"open","ping_status":"open","sticky":false,"template":"","format":"standard","meta":{"footnotes":""},"categories":[31],"tags":[70,106],"class_list":["post-486","post","type-post","status-publish","format-standard","hentry","category-konspiratorisk","tag-politikk","tag-snurrigheter"],"_links":{"self":[{"href":"https:\/\/iskwew.com\/blogg\/wp-json\/wp\/v2\/posts\/486","targetHints":{"allow":["GET"]}}],"collection":[{"href":"https:\/\/iskwew.com\/blogg\/wp-json\/wp\/v2\/posts"}],"about":[{"href":"https:\/\/iskwew.com\/blogg\/wp-json\/wp\/v2\/types\/post"}],"author":[{"embeddable":true,"href":"https:\/\/iskwew.com\/blogg\/wp-json\/wp\/v2\/users\/29"}],"replies":[{"embeddable":true,"href":"https:\/\/iskwew.com\/blogg\/wp-json\/wp\/v2\/comments?post=486"}],"version-history":[{"count":0,"href":"https:\/\/iskwew.com\/blogg\/wp-json\/wp\/v2\/posts\/486\/revisions"}],"wp:attachment":[{"href":"https:\/\/iskwew.com\/blogg\/wp-json\/wp\/v2\/media?parent=486"}],"wp:term":[{"taxonomy":"category","embeddable":true,"href":"https:\/\/iskwew.com\/blogg\/wp-json\/wp\/v2\/categories?post=486"},{"taxonomy":"post_tag","embeddable":true,"href":"https:\/\/iskwew.com\/blogg\/wp-json\/wp\/v2\/tags?post=486"}],"curies":[{"name":"wp","href":"https:\/\/api.w.org\/{rel}","templated":true}]}}