{"id":1241,"date":"2008-03-05T12:22:45","date_gmt":"2008-03-05T11:22:45","guid":{"rendered":"http:\/\/iskwew.com\/blogg\/2008\/03\/05\/tvilsom-tidsbruk-pa-stortinget\/"},"modified":"2008-03-05T12:46:14","modified_gmt":"2008-03-05T11:46:14","slug":"tvilsom-tidsbruk-pa-stortinget","status":"publish","type":"post","link":"https:\/\/iskwew.com\/blogg\/2008\/03\/05\/tvilsom-tidsbruk-pa-stortinget\/","title":{"rendered":"Tvilsom (!!) tidsbruk p\u00e5 Stortinget"},"content":{"rendered":"<p>I dag stilles det i <a target=\"_blank\" href=\"http:\/\/epos.stortinget.no\/SpmTime.aspx?MoteId=7492&amp;Dagsid=26528\">sp\u00f8rretimen p\u00e5 Stortinget<\/a> f\u00f8lgende sp\u00f8rsm\u00e5l:\u00a0<\/p>\n<blockquote><p>Fra Ulf Erik Knudsen (FrP) til kultur- og kirkeministeren<\/p>\n<p>Norsktoppen har g\u00e5tt p\u00e5 NRK radio i 34 \u00e5r og er et av P1s mest kjente merkevarenavn, men fra 1. januar 2009 er det slutt. Norsktoppen tas av sendeskjemaet, og en institusjon i norsk kulturliv og en del av den norske folkesjela blir gravlagt. Programmet har v\u00e6rt &#8220;viktig for \u00e5 fremme norsk musikk, spesielt for norske artister og de l\u00e5tskrivere og tekstforfatterne som skriver p\u00e5 norsk&#8221; (sitat Tove Karoline Knutsen). Vil statsr\u00e5den gripe inn og sikre NRKs overgrep mot trofaste lyttere?<\/p><\/blockquote>\n<p>Jeg h\u00e5per f\u00f8lgende skjer som et resultat av dette sp\u00f8rsm\u00e5let:<\/p>\n<p>1. At Trond Giske svarer at han selvsagt ikke har noen tanker om \u00e5 blande seg inn i NRKs programprofil p\u00e5 detaljert niv\u00e5.<\/p>\n<p>2. At stortingspolitikere som bruker tid p\u00e5 denne typen irrelevanser trekkes i l\u00f8nn.<\/p>\n<p>3. At partier som godtar et det stilles s\u00e5 absurd detaljerte sp\u00f8rsm\u00e5l, b\u00f8telegges eller trekkes i partist\u00f8tte.<\/p>\n<p>4. At det norske folk skj\u00f8nner at de, norsk musikkliv og norsk kultur kommer til \u00e5 overleve helt fint uten Norsktoppen.<\/p>\n<p>Makan!<\/p>\n","protected":false},"excerpt":{"rendered":"<p>I dag stilles det i sp\u00f8rretimen p\u00e5 Stortinget f\u00f8lgende sp\u00f8rsm\u00e5l:\u00a0 Fra Ulf Erik Knudsen (FrP) til kultur- og kirkeministeren Norsktoppen har g\u00e5tt p\u00e5 NRK radio i 34 \u00e5r og er et av P1s mest kjente merkevarenavn, men fra 1. januar 2009 er det slutt. Norsktoppen tas av sendeskjemaet, og en institusjon i norsk kulturliv og [&hellip;]<\/p>\n","protected":false},"author":29,"featured_media":0,"comment_status":"open","ping_status":"open","sticky":false,"template":"","format":"standard","meta":{"footnotes":""},"categories":[1],"tags":[143,93,70],"class_list":["post-1241","post","type-post","status-publish","format-standard","hentry","category-uncategorized","tag-dumskap","tag-msm","tag-politikk"],"_links":{"self":[{"href":"https:\/\/iskwew.com\/blogg\/wp-json\/wp\/v2\/posts\/1241","targetHints":{"allow":["GET"]}}],"collection":[{"href":"https:\/\/iskwew.com\/blogg\/wp-json\/wp\/v2\/posts"}],"about":[{"href":"https:\/\/iskwew.com\/blogg\/wp-json\/wp\/v2\/types\/post"}],"author":[{"embeddable":true,"href":"https:\/\/iskwew.com\/blogg\/wp-json\/wp\/v2\/users\/29"}],"replies":[{"embeddable":true,"href":"https:\/\/iskwew.com\/blogg\/wp-json\/wp\/v2\/comments?post=1241"}],"version-history":[{"count":0,"href":"https:\/\/iskwew.com\/blogg\/wp-json\/wp\/v2\/posts\/1241\/revisions"}],"wp:attachment":[{"href":"https:\/\/iskwew.com\/blogg\/wp-json\/wp\/v2\/media?parent=1241"}],"wp:term":[{"taxonomy":"category","embeddable":true,"href":"https:\/\/iskwew.com\/blogg\/wp-json\/wp\/v2\/categories?post=1241"},{"taxonomy":"post_tag","embeddable":true,"href":"https:\/\/iskwew.com\/blogg\/wp-json\/wp\/v2\/tags?post=1241"}],"curies":[{"name":"wp","href":"https:\/\/api.w.org\/{rel}","templated":true}]}}