{"id":1229,"date":"2008-02-22T10:53:19","date_gmt":"2008-02-22T09:53:19","guid":{"rendered":"http:\/\/iskwew.com\/blogg\/2008\/02\/22\/anniken-huitfeldt-ny-barne-og-likestillingsminister\/"},"modified":"2008-02-25T02:23:22","modified_gmt":"2008-02-25T01:23:22","slug":"anniken-huitfeldt-ny-barne-og-likestillingsminister","status":"publish","type":"post","link":"https:\/\/iskwew.com\/blogg\/2008\/02\/22\/anniken-huitfeldt-ny-barne-og-likestillingsminister\/","title":{"rendered":"Anniken Huitfeldt ny Barne- og likestillingsminister?"},"content":{"rendered":"<p>Det er vanskelig \u00e5 tolke Jens Stoltenbergs <a href=\"http:\/\/www.vg.no\/nyheter\/innenriks\/artikkel.php?artid=511568\" target=\"_blank\">bastante avvisning<\/a> av tredeling av f\u00f8dselspermisjon p\u00e5 noen annen m\u00e5te.  Det blir i hvert fall neppe en minister som er tilhenger av dette forslaget. Jeg kan for\u00f8vrig ikke huske \u00e5 ha sett en statsminister som s\u00e5 raskt og s\u00e5 bastant avviser en kommisjons innstilling.  Dette mener han \u00e5penbart rimelig sterkt.<\/p>\n<p>G\u00e5rsdagens debatt p\u00e5 Redaksjon1 var interessant.  B\u00e5de fordi saken var interessant, og fordi en tidligere og muligens ny Barne- og Likestillingsminister var helt uenige.  Opposisjonen var br\u00e5tt statister i debatten.<\/p>\n<p>Selv f\u00e5r jeg problemer med \u00e5 vite hva jeg skal mene om saken n\u00e5r Karita p\u00e5 sedvanlig vis breker i vei og er 100% for og mistenkeliggj\u00f8r alle synspunkter mot som bakstreverske, og Gro Nylander (hun var p\u00e5 Dagsrevyen) er helt mot fordi forslaget er krise i forhold til amming.  N\u00e5r Per Sandberg er enig med Nylander og uenig med Karita.  Erna hadde noen gode resonnementer, men ble statist i debatten, siden de rundt henne var mye mer h\u00f8ylydte.  Spesielt Karita i sv\u00e6rt kjent stil.<\/p>\n<p>Men den kommende Barne-og Likestillingsministeren klarte seg ganske bra.  Er det statsr\u00e5d p\u00e5 slottet i dag?<\/p>\n","protected":false},"excerpt":{"rendered":"<p>Det er vanskelig \u00e5 tolke Jens Stoltenbergs bastante avvisning av tredeling av f\u00f8dselspermisjon p\u00e5 noen annen m\u00e5te. Det blir i hvert fall neppe en minister som er tilhenger av dette forslaget. Jeg kan for\u00f8vrig ikke huske \u00e5 ha sett en statsminister som s\u00e5 raskt og s\u00e5 bastant avviser en kommisjons innstilling. Dette mener han \u00e5penbart rimelig sterkt.<\/p>\n<p>G\u00e5rsdagens debatt p\u00e5 Redaksjon1 var interessant. B\u00e5de fordi saken var interessant, og fordi en tidligere og muligens ny Barne- og Likestillingsminister var helt uenige. Opposisjonen var br\u00e5tt statister i debatten.<\/p>\n","protected":false},"author":29,"featured_media":0,"comment_status":"open","ping_status":"open","sticky":false,"template":"","format":"standard","meta":{"footnotes":""},"categories":[4],"tags":[69,70],"class_list":["post-1229","post","type-post","status-publish","format-standard","hentry","category-meninger-om-mangt-og-mye","tag-likestilling","tag-politikk"],"_links":{"self":[{"href":"https:\/\/iskwew.com\/blogg\/wp-json\/wp\/v2\/posts\/1229","targetHints":{"allow":["GET"]}}],"collection":[{"href":"https:\/\/iskwew.com\/blogg\/wp-json\/wp\/v2\/posts"}],"about":[{"href":"https:\/\/iskwew.com\/blogg\/wp-json\/wp\/v2\/types\/post"}],"author":[{"embeddable":true,"href":"https:\/\/iskwew.com\/blogg\/wp-json\/wp\/v2\/users\/29"}],"replies":[{"embeddable":true,"href":"https:\/\/iskwew.com\/blogg\/wp-json\/wp\/v2\/comments?post=1229"}],"version-history":[{"count":0,"href":"https:\/\/iskwew.com\/blogg\/wp-json\/wp\/v2\/posts\/1229\/revisions"}],"wp:attachment":[{"href":"https:\/\/iskwew.com\/blogg\/wp-json\/wp\/v2\/media?parent=1229"}],"wp:term":[{"taxonomy":"category","embeddable":true,"href":"https:\/\/iskwew.com\/blogg\/wp-json\/wp\/v2\/categories?post=1229"},{"taxonomy":"post_tag","embeddable":true,"href":"https:\/\/iskwew.com\/blogg\/wp-json\/wp\/v2\/tags?post=1229"}],"curies":[{"name":"wp","href":"https:\/\/api.w.org\/{rel}","templated":true}]}}