{"id":994,"date":"2007-09-18T11:22:50","date_gmt":"2007-09-18T09:22:50","guid":{"rendered":"http:\/\/iskwew.com\/blogg\/2007\/09\/18\/sykkel-samtale-pa-bussen\/"},"modified":"2008-02-25T23:17:19","modified_gmt":"2008-02-25T22:17:19","slug":"sykkel-samtale-pa-bussen","status":"publish","type":"post","link":"http:\/\/iskwew.com\/blogg\/2007\/09\/18\/sykkel-samtale-pa-bussen\/","title":{"rendered":"Sykkel-samtale p\u00e5 bussen"},"content":{"rendered":"<p><strong>Mann<\/strong>: <em>Egentlig kunne jeg ha syklet til jobben&#8230;<\/em><\/p>\n<p><strong>Iskwew<\/strong>: <em>\u00c5? Hvor lang tid tar det da?<\/em><\/p>\n<p><strong>Mann<\/strong>: <em>Nja, det tar vel 20 minutter kanskje.  Litt raskere enn \u00e5 reise kollektivt.<\/em><\/p>\n<p><strong>Iskwew<\/strong>: <em>Du tar som regel bussen?<\/em><\/p>\n<p><strong>Mann<\/strong>: <em>Ja.  Jeg er for lat til \u00e5 sykle p\u00e5 jobben.<\/em><\/p>\n<p><strong>Iskwew<\/strong>: <em>Det er noe sympatisk med folk som er for late til \u00e5 sykle p\u00e5 jobben og dessuten sier det.<\/em><\/p>\n<p><strong>Mann<\/strong> (smiler bredt): <em>Takk for det!<\/em><\/p>\n<p><strong>Iskwew:<\/strong> I<em> en verden av innbitte frisksportere er det virkelig det!<\/em><\/p>\n<p><strong>Mann<\/strong>: <em>Det er s\u00e5 himla konkurransepreg p\u00e5 norske sykkelstier.  Folk i kondomdress, med fancy konkurransehjelm tr\u00e5kker i vei som om de har fanden og skattefuten i h\u00e6lene.  Du blir mer sliten av det enn av turen. <\/em><\/p>\n<p>Det har han rett i.  Etter \u00e5 ha observert syklister langs E18, som roper varsko og br\u00f8yter seg rydning s\u00e5 fotgjengerne skvetter over gjerdet, s\u00e5 er dette en gjenkjennelig observasjon.<\/p>\n<p>Eller som da jeg var p\u00e5 sykkeltur selv, og defensiv som jeg er ville krysse veien til fots og p\u00e5 gr\u00f8nt lys; bilene stoppet selvsagt, men jeg ble nesten kj\u00f8rt ned i fotgjengerfeltet av en annen syklist.  Han hadde d\u00e5rlig tid, han, der han kom susende i kondomdress, konkurransehjelm og solbriller.<\/p>\n<p>Og spesielt de som sykler p\u00e5 midstripa for \u00e5 sykle fortere enn k\u00f8en om morgenen.  De har s\u00e5 d\u00e5rlig tid at det er jo mer flaks enn noe annet om de kommer til m\u00e5l.<\/p>\n<p>For ikke \u00e5 snakke om de som ikke har tid til \u00e5 bremse synderlig opp inne i B\u00e6rumsmarka, n\u00e5r det er en liten mann i veien som sykler litt vinglete og ikke har helt sn\u00f8ring.<\/p>\n<p>Ragnar Kvam skrev om denne <a href=\"http:\/\/www.aftenposten.no\/meninger\/signert\/article1890270.ece\" target=\"_blank\">Tour de Finance<\/a> i sommer.<\/p>\n<blockquote><p><strong>Direkt\u00f8renes velodrom.<\/strong><\/p>\n<p>Jeg har tatt med min \u00e5tte \u00e5r gamle s\u00f8nn, vi skal bare fra Lysaker til Bygd\u00f8y for \u00e5 bade.<\/p>\n<p>Men f\u00f8r vi kommer s\u00e5 langt, m\u00e5 vi en stund leve farlig langs de syklende finansdirekt\u00f8rers velodrom. Et tapt sekund fortoner seg vel som et tapt poeng p\u00e5 b\u00f8rsen for slike landeveiens moderne r\u00f8vere.<\/p>\n<p>I flokker p\u00e5 tre og fire rykker de frem, alt mens de presser m\u00f8dre med barnevogn, elever p\u00e5 rullesk\u00f8yter, ja, endog spaserende pensjonister ut i rabatten.<\/p>\n<p><strong>Blanke \u00f8yne.<\/strong><\/p>\n<p>Og gutten?<\/p>\n<p>Han er som gutter flest, vingler litt hit og dit mens han sykler, opptatt av en flokk kanadiske gjess som gresser i sj\u00f8kanten. Inntil en rytter, som ikke kan vite hvor bremsen sitter, med et &#8220;s\u00e5 se deg for, da, for pokker!&#8221; dulter bort i ham, s\u00e5 han g\u00e5r i bakken med et vr\u00e6l og f\u00e5r skrubbs\u00e5r p\u00e5 nese og kn\u00e6r.<\/p>\n<p>Da f\u00f8rst stanser den fremfarende fusentast, for en smule dannelse har han likevel l\u00e6rt. &#8220;Unnskyld, det var ikke meningen, jeg . . .&#8221;. Gutten ser p\u00e5 ham med blanke \u00f8yne og triller vekk.<\/p><\/blockquote>\n<p>Ikke noe er vel teitere enn \u00e5 ta sykkelgleden fra en liten mann p\u00e5 \u00e5tte \u00e5r som elsker \u00e5 sykle, men ikke har helt sn\u00f8ring og dessuten ser det som en hyggelig tur og ikke en Tour de Etellerannet.<\/p>\n<p>Det er lurt \u00e5 l\u00e6re seg skilt, samt \u00e5 vite n\u00e5r man skal g\u00e5 av sykkelen og n\u00e5r man ikke b\u00f8r gj\u00f8re det.  Noe denne historien til fulle illustrerer:<\/p>\n<p><img decoding=\"async\" src=\"http:\/\/www.boreme.com\/media\/yr2002\/ride_bike.gif\" style=\"width: 541px; height: 668px\" height=\"668\" width=\"541\" \/><\/p>\n","protected":false},"excerpt":{"rendered":"<p>Mann: Egentlig kunne jeg ha syklet til jobben&#8230; Iskwew: \u00c5? Hvor lang tid tar det da? Mann: Nja, det tar vel 20 minutter kanskje. Litt raskere enn \u00e5 reise kollektivt. Iskwew: Du tar som regel bussen? Mann: Ja. Jeg er for lat til \u00e5 sykle p\u00e5 jobben. Iskwew: Det er noe sympatisk med folk som [&hellip;]<\/p>\n","protected":false},"author":29,"featured_media":0,"comment_status":"open","ping_status":"open","sticky":false,"template":"","format":"standard","meta":{"footnotes":""},"categories":[9],"tags":[115],"class_list":["post-994","post","type-post","status-publish","format-standard","hentry","category-liv-og-levned","tag-kollektivtransport"],"_links":{"self":[{"href":"http:\/\/iskwew.com\/blogg\/wp-json\/wp\/v2\/posts\/994","targetHints":{"allow":["GET"]}}],"collection":[{"href":"http:\/\/iskwew.com\/blogg\/wp-json\/wp\/v2\/posts"}],"about":[{"href":"http:\/\/iskwew.com\/blogg\/wp-json\/wp\/v2\/types\/post"}],"author":[{"embeddable":true,"href":"http:\/\/iskwew.com\/blogg\/wp-json\/wp\/v2\/users\/29"}],"replies":[{"embeddable":true,"href":"http:\/\/iskwew.com\/blogg\/wp-json\/wp\/v2\/comments?post=994"}],"version-history":[{"count":0,"href":"http:\/\/iskwew.com\/blogg\/wp-json\/wp\/v2\/posts\/994\/revisions"}],"wp:attachment":[{"href":"http:\/\/iskwew.com\/blogg\/wp-json\/wp\/v2\/media?parent=994"}],"wp:term":[{"taxonomy":"category","embeddable":true,"href":"http:\/\/iskwew.com\/blogg\/wp-json\/wp\/v2\/categories?post=994"},{"taxonomy":"post_tag","embeddable":true,"href":"http:\/\/iskwew.com\/blogg\/wp-json\/wp\/v2\/tags?post=994"}],"curies":[{"name":"wp","href":"https:\/\/api.w.org\/{rel}","templated":true}]}}