{"id":956,"date":"2007-08-30T11:27:37","date_gmt":"2007-08-30T09:27:37","guid":{"rendered":"http:\/\/iskwew.com\/blogg\/2007\/08\/30\/i-dag-vil-eg-be-deg-om-a-halde-synn%c3%b8ve-i-live\/"},"modified":"2008-02-25T23:32:40","modified_gmt":"2008-02-25T22:32:40","slug":"i-dag-vil-eg-be-deg-om-a-halde-synn%c3%b8ve-i-live","status":"publish","type":"post","link":"http:\/\/iskwew.com\/blogg\/2007\/08\/30\/i-dag-vil-eg-be-deg-om-a-halde-synn%c3%b8ve-i-live\/","title":{"rendered":"I dag vil eg be deg om \u00e5 halde Synn\u00f8ve i live"},"content":{"rendered":"<p class=\"snap_preview\"><em><a href=\"http:\/\/avil.wordpress.com\" target=\"_blank\">Avil<\/a> ba meg legge ut denne teksten.  Det er en kopi av <a href=\"http:\/\/avil.wordpress.com\/2007\/08\/30\/i-dag-vil-eg-be-deg-om-a-halde-synn%c3%b8ve-i-live\/\" target=\"_blank\">en tr\u00e5d i hennes egen blogg<\/a>.  Vennligst kommenter der, om du \u00f8nsker \u00e5 kommentere.<\/em><\/p>\n<p>Synn\u00f8ve Kol\u00f8en er ein fortellar. Ho kan halde ein forsamling urolege ungar fjetra og musestille, mens dei tynne armane hennar vever fram tusser fr\u00e5 skogane, og stemma hennar f\u00e5r elefantar til \u00e5 marsjere over Alpene. Ho kr\u00f8ker seg og strekk seg, og manar fram huldresong og trampande troll.<\/p>\n<p>Synn\u00f8ve er mi venninne. Eg har kjent Synn\u00f8ve heile livet, fr\u00e5 ho var ein rar, liten Yoda, til ho som vaksen er blitt eit av desse sjeldne menneska som er ein klippe for folk rundt seg. Varm, n\u00e6r, men trenger seg sjeldan p\u00e5 med sitt eige liv.<\/p>\n<p><img decoding=\"async\" src=\"http:\/\/avil.files.wordpress.com\/2007\/08\/solveig-og-synnove.jpg\" align=\"right\" height=\"296\" width=\"193\" \/>Synn\u00f8ve er mor. Ho fekk f\u00f8lge den vesle f\u00f8rsteklassingen sin til skulen ei veke. S\u00e5 kom tilbakefallet. Ho har akutt leukemi. Cellegifta vart avslutta no i v\u00e5r. Ho fekk fire m\u00e5nader med familien sin no i sommar, med guten p\u00e5 tre \u00e5r og jenta p\u00e5 seks. Ho har vore sliten og redd denne sommaren, men har bitt tenna saman og smilt og h\u00e5pt.<\/p>\n<p>No er eg og du einaste h\u00e5pet hennar.<br \/>\nGjennom cellegiftkurane har ho arbeidd med \u00e5 vere positiv og ha tru og h\u00e5p.<\/p>\n<p>No er det ikkje nok \u00e5 h\u00e5pe. No treng ho ein beinmargsdonor.<\/p>\n<p>Det fins mange mytar kring beinmargstransplantasjon. Eg trudde det var farleg. Og eg trudde det berre var n\u00e6r familie som kunne gje. Og s\u00e5 trudde eg at ein skulle melde seg som donor til ein bestemt person. Og at r\u00f8ykarar ikkje var velkomne.<br \/>\nMen eg tok feil. Det er ein heilt ufarleg og lett m\u00e5te \u00e5 redde livet til eit anna menneske p\u00e5.<\/p>\n<p>Dette kan du gjere: Ta kontakt med n\u00e6rmaste blodbank. Meld deg som blodgjevar. Og sei at du er interessert i \u00e5 vere beinmargsdonor.<br \/>\nSjansen for at du kjem til \u00e5 bli brukt er under ein tusendedel. Det vil seie, dersom ein st\u00e5r registrert som beinmargsdonor i ti \u00e5r er sjansen for \u00e5 bli brukt 1%.<\/p>\n<p>Men sjansen for at Synn\u00f8ve overlever aukar dramatisk n\u00e5r mange melder seg. Det fins millionar av vevstyper og ein m\u00e5 finne den eksakte matchen.<\/p>\n<p>Det tek noko tid \u00e5 bli registrert som blodgjevar og donor, og ho har ikkje s\u00e5 mykje tid. Om ikkje den rette donoren har meldt seg til registeret innan f\u00e5 m\u00e5nader kan det vere for seint.<\/p>\n<p>Ta kontakt med n\u00e6raste sjukehus eller finn blodbanken din her: <a href=\"http:\/\/www.giblod.no\/\">Blodbanken p\u00e5 nett<\/a><\/p>\n<p><a href=\"http:\/\/www.vilduhjelpe.com\/index.php?option=com_content&amp;task=view&amp;id=40&amp;Itemid=32\">Meir fakta.<\/a><\/p>\n<p>Eg vil s\u00e5 gjerne f\u00e5 behalde ho.<\/p>\n","protected":false},"excerpt":{"rendered":"<p>Avil ba meg legge ut denne teksten. Det er en kopi av en tr\u00e5d i hennes egen blogg. Vennligst kommenter der, om du \u00f8nsker \u00e5 kommentere. Synn\u00f8ve Kol\u00f8en er ein fortellar. Ho kan halde ein forsamling urolege ungar fjetra og musestille, mens dei tynne armane hennar vever fram tusser fr\u00e5 skogane, og stemma hennar f\u00e5r [&hellip;]<\/p>\n","protected":false},"author":29,"featured_media":0,"comment_status":"open","ping_status":"open","sticky":false,"template":"","format":"standard","meta":{"footnotes":""},"categories":[15],"tags":[],"class_list":["post-956","post","type-post","status-publish","format-standard","hentry","category-mennesker"],"_links":{"self":[{"href":"http:\/\/iskwew.com\/blogg\/wp-json\/wp\/v2\/posts\/956","targetHints":{"allow":["GET"]}}],"collection":[{"href":"http:\/\/iskwew.com\/blogg\/wp-json\/wp\/v2\/posts"}],"about":[{"href":"http:\/\/iskwew.com\/blogg\/wp-json\/wp\/v2\/types\/post"}],"author":[{"embeddable":true,"href":"http:\/\/iskwew.com\/blogg\/wp-json\/wp\/v2\/users\/29"}],"replies":[{"embeddable":true,"href":"http:\/\/iskwew.com\/blogg\/wp-json\/wp\/v2\/comments?post=956"}],"version-history":[{"count":0,"href":"http:\/\/iskwew.com\/blogg\/wp-json\/wp\/v2\/posts\/956\/revisions"}],"wp:attachment":[{"href":"http:\/\/iskwew.com\/blogg\/wp-json\/wp\/v2\/media?parent=956"}],"wp:term":[{"taxonomy":"category","embeddable":true,"href":"http:\/\/iskwew.com\/blogg\/wp-json\/wp\/v2\/categories?post=956"},{"taxonomy":"post_tag","embeddable":true,"href":"http:\/\/iskwew.com\/blogg\/wp-json\/wp\/v2\/tags?post=956"}],"curies":[{"name":"wp","href":"https:\/\/api.w.org\/{rel}","templated":true}]}}