{"id":955,"date":"2007-08-30T10:55:41","date_gmt":"2007-08-30T08:55:41","guid":{"rendered":"http:\/\/iskwew.com\/blogg\/2007\/08\/30\/louco\/"},"modified":"2008-02-25T23:33:16","modified_gmt":"2008-02-25T22:33:16","slug":"louco","status":"publish","type":"post","link":"http:\/\/iskwew.com\/blogg\/2007\/08\/30\/louco\/","title":{"rendered":"Louco eller bare lite fotogen?"},"content":{"rendered":"<p>Dagbladet kan berette at Amazon.com har <a href=\"http:\/\/www.dagbladet.no\/dinside\/2007\/08\/29\/510404.html\" target=\"_blank\">registrert domenet facebok.com<\/a>.  Dermed havner de som feilstaver facebook i stedet hos Amazon.com.  Slik f\u00e5r de sikkert en del nye bes\u00f8kende der.  Det er jo fort gjort \u00e5 glemme en o.  Eventuelt er det som Ohmdal i Dagbladet forsl\u00e5r, ugler i mosen.  Jeg aner ikke.<\/p>\n<p>Men det var ikke det jeg ble mest opptatt av i den artikklene.  Det var nemlig bildet av Amazon-sjef Jeff Bezos.<\/p>\n<p style=\"text-align: center\"><img decoding=\"async\" src=\"http:\/\/gfx.dagbladet.no\/pub\/artikkel\/5\/51\/510\/510404\/bezos858_1188387044.jpg\" style=\"width: 500px; height: 289px\" height=\"289\" width=\"500\" \/><\/p>\n<p>Enten er han ekstremt uheldig p\u00e5 bildet, eller s\u00e5 er han vel ganske louco?  Du kan jo formelig h\u00f8re Hitchcock-musikk i bakgrunnen og veien til dusjscenen i Psycho synes sv\u00e6rt kort.   Jeg vet ikke helt om jeg t\u00f8r kj\u00f8pe b\u00f8ker der lenger.  Hvem vet hva som kan smugles inn i pakkene.<\/p>\n<p>Eventuelt er det jeg som er skrudd i skallen.  Det ser jeg selvsagt ikke bort i fra.  Men likevel&#8230;. <img decoding=\"async\" src=\"http:\/\/iskwew.com\/blogg\/wp-includes\/images\/smilies\/icon_eek.gif\" style=\"width: 15px; height: 15px\" height=\"15\" width=\"15\" \/><\/p>\n","protected":false},"excerpt":{"rendered":"<p>Dagbladet kan berette at Amazon.com har registrert domenet facebok.com. Dermed havner de som feilstaver facebook i stedet hos Amazon.com. Slik f\u00e5r de sikkert en del nye bes\u00f8kende der. Det er jo fort gjort \u00e5 glemme en o. Eventuelt er det som Ohmdal i Dagbladet forsl\u00e5r, ugler i mosen. Jeg aner ikke. Men det var ikke [&hellip;]<\/p>\n","protected":false},"author":29,"featured_media":0,"comment_status":"open","ping_status":"open","sticky":false,"template":"","format":"standard","meta":{"footnotes":""},"categories":[1],"tags":[],"class_list":["post-955","post","type-post","status-publish","format-standard","hentry","category-uncategorized"],"_links":{"self":[{"href":"http:\/\/iskwew.com\/blogg\/wp-json\/wp\/v2\/posts\/955","targetHints":{"allow":["GET"]}}],"collection":[{"href":"http:\/\/iskwew.com\/blogg\/wp-json\/wp\/v2\/posts"}],"about":[{"href":"http:\/\/iskwew.com\/blogg\/wp-json\/wp\/v2\/types\/post"}],"author":[{"embeddable":true,"href":"http:\/\/iskwew.com\/blogg\/wp-json\/wp\/v2\/users\/29"}],"replies":[{"embeddable":true,"href":"http:\/\/iskwew.com\/blogg\/wp-json\/wp\/v2\/comments?post=955"}],"version-history":[{"count":0,"href":"http:\/\/iskwew.com\/blogg\/wp-json\/wp\/v2\/posts\/955\/revisions"}],"wp:attachment":[{"href":"http:\/\/iskwew.com\/blogg\/wp-json\/wp\/v2\/media?parent=955"}],"wp:term":[{"taxonomy":"category","embeddable":true,"href":"http:\/\/iskwew.com\/blogg\/wp-json\/wp\/v2\/categories?post=955"},{"taxonomy":"post_tag","embeddable":true,"href":"http:\/\/iskwew.com\/blogg\/wp-json\/wp\/v2\/tags?post=955"}],"curies":[{"name":"wp","href":"https:\/\/api.w.org\/{rel}","templated":true}]}}