{"id":918,"date":"2007-08-07T18:16:32","date_gmt":"2007-08-07T16:16:32","guid":{"rendered":"http:\/\/iskwew.com\/blogg\/2007\/08\/07\/observert-og-erfart-pa-stranden\/"},"modified":"2008-02-25T23:48:21","modified_gmt":"2008-02-25T22:48:21","slug":"observert-og-erfart-pa-stranden","status":"publish","type":"post","link":"http:\/\/iskwew.com\/blogg\/2007\/08\/07\/observert-og-erfart-pa-stranden\/","title":{"rendered":"Observert og erfart p\u00e5 stranden"},"content":{"rendered":"<p>Heldigvis blir det en strandobservasjonspost i \u00e5r ogs\u00e5, lenge trodde jeg det slett ikke kom til \u00e5 bli det.  Her er noe av det mitt rimelig kokte hode har<\/p>\n<p><strong>Observert p\u00e5 stranden <\/strong>:<\/p>\n<ul>\n<li>Store, sterke menn med tatoveringer p\u00e5 hele armene f\u00e5r et noe plaget blikk etter \u00e5 ha lest h\u00f8yt fra Barbie-blad en stund, for en liten rosa prinsesse p\u00e5 omtrent 5 \u00e5r.  Han gleder seg nok veldig til den fasen er over, tipper jeg.<\/li>\n<li>En stk. liten tass p\u00e5 omtrent 2 \u00e5r var utstyrt med redningsvest p\u00e5 stranden, selv om mor OG far sto p\u00e5 hver side av ham i vannkanten.  Den lille ble megafrustrert da han ikke fikk til \u00e5 grave i sanden med redningsvest p\u00e5.  Og ja, vi snakker redningsvest av det store slaget, ikke flytevest.<\/li>\n<li>Noen kvinner som badet if\u00f8rt bukse, kjole utenp\u00e5 og sjal p\u00e5 hodet.  Dette i sterk kontrast til den ellers rimelig lettkledde forsamling badegjester.  Selv om jeg ikke observerte noen toppl\u00f8se damer.  Dem er det derimot mange av i Spania, har Tigerungen fortalt  Bestefar kunne berette at de kornbl\u00e5 \u00f8ynene til Tigerungen omtrent spratt ut av hodet p\u00e5 ham.<\/li>\n<li>En mann if\u00f8rt en veldig liten, hudfarget badebukse.  P\u00e5 avstand s\u00e5 det rett og slett ut som han hadde g\u00e5tt helt feil og trodde han var p\u00e5 nudiststranden.  I hvert fall bakfra.  Forfra burde det ha sett annerledes ut om han trodde han var p\u00e5 nudiststranden.  F\u00e5r jeg h\u00e5pe for hans del.<\/li>\n<li>Folk er mye mindre brune i august i \u00e5r enn i fjor.  Med unntak for meg, som har leid solarium.  Jeg er brunere i \u00e5r enn i fjor.  Dertil helt uten skille \ud83d\ude00  Eller med bittelitt skille etter to dager p\u00e5 stranden.<\/li>\n<\/ul>\n<p><strong>Erfart p\u00e5 stranden:<\/strong><\/p>\n<ul>\n<li>Det tar utrolig mye lenger tid \u00e5 f\u00e5 luften ut av en bademadrass enn det tar \u00e5 f\u00e5 den inn.  Det tok minsanten 20 minutter \u00e5 f\u00e5 ut luften, og vi rakk nesten ikke bussen.<\/li>\n<li>Ikke ta med s\u00e6rlig store matpakker p\u00e5 stranden.  Ingen orker.  En pose Tortilla chips og et par is holder.  Derimot b\u00f8r ikke middagen v\u00e6re langt unna n\u00e5r du kommer hjem, da er b\u00e5de Tigerunger og m\u00f8dre veldig sultne.  Siden de nesten ikke har spist.<\/li>\n<li>Det er forskjell p\u00e5 gutter og jenter.  Mens den lille jenta p\u00e5 naboplassen ristet sanden pertentlig av h\u00e5ndkledet og danderte det propert etterp\u00e5, hoppet Tigerungen opp p\u00e5 teppet etter f\u00f8rst \u00e5 ha rullet seg i sanden for \u00e5 f\u00e5 med mest mulig sand.<\/li>\n<\/ul>\n<p>I tillegg kan jeg melde at jeg har kladdet p\u00e5 noe seri\u00f8st i dag.  Mulig kommer det etterhvert.  Dersom det i hvert fall virker noe s\u00e5 n\u00e6r sammenhengende.  Men n\u00e5 &#8211; middag!<\/p>\n","protected":false},"excerpt":{"rendered":"<p>Heldigvis blir det en strandobservasjonspost i \u00e5r ogs\u00e5, lenge trodde jeg det slett ikke kom til \u00e5 bli det. Her er noe av det mitt rimelig kokte hode har Observert p\u00e5 stranden : Store, sterke menn med tatoveringer p\u00e5 hele armene f\u00e5r et noe plaget blikk etter \u00e5 ha lest h\u00f8yt fra Barbie-blad en stund, [&hellip;]<\/p>\n","protected":false},"author":29,"featured_media":0,"comment_status":"open","ping_status":"open","sticky":false,"template":"","format":"standard","meta":{"footnotes":""},"categories":[66],"tags":[155],"class_list":["post-918","post","type-post","status-publish","format-standard","hentry","category-absolutt-iskwew","tag-ferieliv"],"_links":{"self":[{"href":"http:\/\/iskwew.com\/blogg\/wp-json\/wp\/v2\/posts\/918","targetHints":{"allow":["GET"]}}],"collection":[{"href":"http:\/\/iskwew.com\/blogg\/wp-json\/wp\/v2\/posts"}],"about":[{"href":"http:\/\/iskwew.com\/blogg\/wp-json\/wp\/v2\/types\/post"}],"author":[{"embeddable":true,"href":"http:\/\/iskwew.com\/blogg\/wp-json\/wp\/v2\/users\/29"}],"replies":[{"embeddable":true,"href":"http:\/\/iskwew.com\/blogg\/wp-json\/wp\/v2\/comments?post=918"}],"version-history":[{"count":0,"href":"http:\/\/iskwew.com\/blogg\/wp-json\/wp\/v2\/posts\/918\/revisions"}],"wp:attachment":[{"href":"http:\/\/iskwew.com\/blogg\/wp-json\/wp\/v2\/media?parent=918"}],"wp:term":[{"taxonomy":"category","embeddable":true,"href":"http:\/\/iskwew.com\/blogg\/wp-json\/wp\/v2\/categories?post=918"},{"taxonomy":"post_tag","embeddable":true,"href":"http:\/\/iskwew.com\/blogg\/wp-json\/wp\/v2\/tags?post=918"}],"curies":[{"name":"wp","href":"https:\/\/api.w.org\/{rel}","templated":true}]}}