{"id":4256,"date":"2009-12-19T20:09:52","date_gmt":"2009-12-19T19:09:52","guid":{"rendered":"http:\/\/iskwew.com\/blogg\/?p=4256"},"modified":"2009-12-21T08:45:07","modified_gmt":"2009-12-21T07:45:07","slug":"karing-av-digital-superheltinne-i-sosiale-medier-2009","status":"publish","type":"post","link":"http:\/\/iskwew.com\/blogg\/2009\/12\/19\/karing-av-digital-superheltinne-i-sosiale-medier-2009\/","title":{"rendered":"K\u00e5ring av Digital superheltinne i sosiale medier 2009"},"content":{"rendered":"<p>Det har ikke v\u00e6rt lett \u00e5 v\u00e6re jury og velge ut en kortere liste fra de <a href=\"http:\/\/iskwew.com\/blogg\/2009\/12\/18\/nominerte-digitale-superheltinner\/\">75 som ble nominerte Digitale superheltinner<\/a>.\u00a0 Men vi har etter noen diskusjoner kommet frem til en liste p\u00e5 10 som vi \u00f8nsker at dere alle skal stemme p\u00e5, for p\u00e5 den m\u00e5ten \u00e5 k\u00e5re en f\u00f8rste blant likekvinner som Digital superheltinne 2009 ((Dette betyr at det KAN komme til \u00e5 bli ny k\u00e5ring neste \u00e5r)).\u00a0 Men f\u00f8r vi kommer til selve k\u00e5ringen har vi en spesiell pris \u00e5 dele ut, og det er<\/p>\n<h3><span style=\"color: #333399;\"><strong>Superheltinnenes \u00e6respris<\/strong><\/span><\/h3>\n<p><strong><\/strong><br \/>\n<em>Face your fear. Accept your war. It is what it is.<br \/>\n<\/em><br \/>\n<a href=\"http:\/\/iskwew.com\/blogg\/wp-content\/uploads\/iStock_000007259315XSmall.jpg\"><img decoding=\"async\" class=\"alignright size-full wp-image-4271\" title=\"Flying Butterfly\" src=\"http:\/\/iskwew.com\/blogg\/wp-content\/uploads\/iStock_000007259315XSmall.jpg\" alt=\"\" width=\"180\" height=\"154\" srcset=\"http:\/\/iskwew.com\/blogg\/wp-content\/uploads\/iStock_000007259315XSmall.jpg 375w, http:\/\/iskwew.com\/blogg\/wp-content\/uploads\/iStock_000007259315XSmall-300x256.jpg 300w\" sizes=\"(max-width: 180px) 100vw, 180px\" \/><\/a>Vi har valgt \u00e5 l\u00f8fte Regine Stokke ut av avstemningen fordi Regine har delt en helt spesiell situasjon med oss. Hun mottok mange nominasjoner og er definitivt Den St\u00f8rste Superheltinnen vi har hatt blant oss i sosiale medier.<\/p>\n<p>Den 3.desember sovnet Regine inn etter \u00e5 ha v\u00e6rt kreftsyk lenge. Gjennom hele sykdommen delte hun sine tanker, redsler og sitt store mot i m\u00f8te med d\u00f8den med oss. Hun sl\u00e5ss som en l\u00f8vinne mot sykdommen, men til sist m\u00e5tte hun gi tapt og forlate denne verden. I visshet om at hun har ber\u00f8rt mange mennesker og er dypt savnet av mange flere enn de n\u00e6rmeste. Hun har vist oss essensen av sosiale medier.<\/p>\n<p>Hun skal aldri glemmes av oss som var her i sosiale mediers ungdom. I Regines blogg f\u00e5r vi fortsatt h\u00f8re fra hennes kj\u00e6re s\u00f8ster Elise, og om hvordan hun og familien har det etter tapet av Regine.<\/p>\n<p>Regine tildeles derfor Superheltinnenes \u00e6respris, for sitt fantastiske mot. Takk for at vi ble kjent med deg, Regine! Du vil ikke bli glemt.<\/p>\n<p><a href=\"http:\/\/sinober.blogg.no\/\">Regines blogg<\/a><\/p>\n<p>S\u00e5 til de ti vi har valgt ut for k\u00e5ring, i alfabetisk rekkef\u00f8lge. Det er bare pollstemmer som gjelder, men ikke noe er bedre en utdypninger i kommentarfeltet likevel.\u00a0 <strong>Pollen vil v\u00e6re \u00e5pen til mandag 21.desember klokka 20:00.<\/strong><\/p>\n<p>[polldaddy poll=&#8221;2407266&#8243;]<\/p>\n<p><span style=\"color: #ffffff;\">.<\/span><\/p>\n<h3><span style=\"color: #333399;\">Kandidater til Digital Superheltinne 2009 &#8211; juryens begrunnelser<br \/>\n<\/span><\/h3>\n<p><strong><a href=\"http:\/\/iskwew.com\/blogg\/wp-content\/uploads\/Astrid.jpg\"><img decoding=\"async\" class=\"alignright size-full wp-image-4259\" title=\"Astrid\" src=\"http:\/\/iskwew.com\/blogg\/wp-content\/uploads\/Astrid.jpg\" alt=\"\" width=\"75\" height=\"75\" \/><\/a>Astrid Meland<\/strong><br \/>\nDagbladjournalist med skriveglede og skriveevne som hun bruker til \u00e5 delta p\u00e5 mange sosiale plattformer. Hun har en selvstendig stemme i forhold til Dagbladet og en av de kvasseste og beste pennene i landet. Hun har en leken tiln\u00e6rming til det hun interesserer seg for og vil formidle noe om. Hun balanserer mellom \u00e5 v\u00e6re yrkesmenneske og privatmenneske p\u00e5 en naturlig m\u00e5te i sosiale medier.<br \/>\n<a href=\"http:\/\/astridmeland.wordpress.com\/\">Astrid Meland<\/a> <a href=\"http:\/\/twitter.com\/astridmeland\">@astridmeland<\/a><\/p>\n<p><strong><a href=\"http:\/\/iskwew.com\/blogg\/wp-content\/uploads\/beate.jpg\"><img decoding=\"async\" class=\"alignright size-full wp-image-4260\" title=\"beate\" src=\"http:\/\/iskwew.com\/blogg\/wp-content\/uploads\/beate.jpg\" alt=\"\" width=\"75\" height=\"77\" \/><\/a>Beate (Beates rasteplass)<\/strong><br \/>\nHun deltar flittig i sosiale medier (blogg, twitter, forum) og har spesielt arbeidet for \u00e5 spre god informasjon om ME. Dette inkluderer \u00e5 bidra til \u00e5 holde en digital livsnerve i live for en stigmatisert og marginalisert pasientgruppe, MEforum, der hun har ledet og bidratt i mange \u00e5r, selv om hun selv er syk. Sammen med blant annet Cathrine Vals\u00f8 har hun satt ME p\u00e5 agendaen helt inn i regjeringskvartalene, i h\u00f8y grad ved hjelp av sosiale medier.\u00a0 Hun er ogs\u00e5 en av personene bak en mailingliste som er bindeledd mellom muntlige fortellere i Norden, Ratatosk. Beate er opptatt av alt fra menneskerettigheter, religion og demokrati til ME.<br \/>\n<a href=\"http:\/\/beatesrasteplass.wordpress.com\/\">Beates rasteplass<\/a> <a href=\"http:\/\/twitter.com\/beaterast\">@beaterast<\/a> <a href=\"http:\/\/meforum.diskusjonsforum.no\/meforum.html\">Me-forum<\/a> <a href=\"http:\/\/hem.fyristorg.com\/kulturkemi\/net\/\">Ratatosk<\/a><\/p>\n<p><strong><a href=\"http:\/\/iskwew.com\/blogg\/wp-content\/uploads\/Elin.jpg\"><img decoding=\"async\" class=\"alignright size-full wp-image-4261\" title=\"Elin\" src=\"http:\/\/iskwew.com\/blogg\/wp-content\/uploads\/Elin.jpg\" alt=\"\" width=\"75\" height=\"75\" \/><\/a>Elin \u00d8rjas\u00e6ter (Orjas)<\/strong><br \/>\nHun har tatt i bruk sosiale medier i l\u00f8pet av 2009 og blitt en del av dem. Hun bruker sosiale medier ikke bare til \u00e5 spre innhold fra E24, men deltar i debatter, deler interessante lenker, sprer innhold og bidrar med sitt eget nettverk.\u00a0 Elin er spesielt opptatt av politikk, \u00f8konomi og ledelse. Hun er lydh\u00f8r og bruker sin kunnskap til \u00e5 belyse saker og svare p\u00e5 sp\u00f8rsm\u00e5l. Dessuten er hun et positivt menneske som helt feilaktig p\u00e5st\u00e5r \u00e5 ikke v\u00e6re morsom. Orjas har ogs\u00e5 brukt facebook i rent kommersielt \u00f8yemed gjennom annonser for sin bok, <a href=\"http:\/\/lederboka.no\/\">Lederboka<\/a><br \/>\n<a href=\"http:\/\/twitter.com\/orjas\">@Orjas<\/a>, <a href=\"http:\/\/facebook.com\/lederboka\">Facebook<\/a><\/p>\n<p><strong><a href=\"http:\/\/iskwew.com\/blogg\/wp-content\/uploads\/frmartinsen.jpg\"><img decoding=\"async\" class=\"alignright size-full wp-image-4262\" title=\"frmartinsen\" src=\"http:\/\/iskwew.com\/blogg\/wp-content\/uploads\/frmartinsen.jpg\" alt=\"\" width=\"75\" height=\"75\" \/><\/a>Fr.Martinsen<\/strong><br \/>\nHun bruker\u00a0 sosiale medier p\u00e5 en innovativ og inkluderende m\u00e5te. Hun har skarp observasjonsevne og er gener\u00f8s med \u00e5 dele informasjon. Fr. Martinsen t\u00f8r g\u00e5 inn i komplekse fenomener i alt fra utilgjengelig litteratur til medias meningsbrytning og hente ut relevante sp\u00f8rsm\u00e5l, kloke argumenter med st\u00f8 analytisk evne. Et popul\u00e6rt initiativ er at hun synker Dagsnytt18 med CoveritLive.<br \/>\n<a href=\"http:\/\/froemartinsen.blogspot.com\">Fr. Martinsen<\/a> <a href=\"http:\/\/twitter.com\/frmartinsen\">@frmartinsen<\/a><\/p>\n<p><strong><a href=\"http:\/\/iskwew.com\/blogg\/wp-content\/uploads\/Gunn-Hild.jpg\"><img decoding=\"async\" class=\"alignright size-full wp-image-4263\" title=\"Gunn Hild\" src=\"http:\/\/iskwew.com\/blogg\/wp-content\/uploads\/Gunn-Hild.jpg\" alt=\"\" width=\"79\" height=\"75\" \/><\/a>Gunn Hild Lem (Arachne)<\/strong><br \/>\nEn modig kvinne som har klart \u00e5 formidle det vondeste vonde p\u00e5 en sterk og modig m\u00e5te. Gunn Hild klarer, gjennom en stor livskrise, \u00e5 formidle tankene sine midt i sorgen, og gikk med sylskarp penn til angrep p\u00e5 en voksende alternativ-bevegelse som ikke holder seg for gode til \u00e5 formidle at de kan kurere mannens kreft. Samtidig som hun skal tr\u00f8ste sine barn og komme seg gjennom sorgen selv. Hun har utvist stort mot og bidratt til at vi alle har f\u00e5tt et innblikk i livet som p\u00e5r\u00f8rende, s\u00f8rgende, kvinne, mor og profesjonelt menneske.<br \/>\n<a href=\"http:\/\/www.arachne.no\/\">Arachne.no<\/a> (der Gunn Hilds mange bidrag i tradisjonelle medier er lenket opp) <a href=\"http:\/\/www.facebook.com\/people\/Gunn-Hild-Lem\/639701913\">Facebook<\/a><\/p>\n<p><strong><a href=\"http:\/\/iskwew.com\/blogg\/wp-content\/uploads\/Hadia.jpg\"><img decoding=\"async\" class=\"alignright size-full wp-image-4264\" title=\"Hadia\" src=\"http:\/\/iskwew.com\/blogg\/wp-content\/uploads\/Hadia.jpg\" alt=\"\" width=\"75\" height=\"75\" \/><\/a>Hadia Tajik<\/strong><br \/>\nEn innovativ politiker som har forst\u00e5tt hvordan sosiale medier fungerer og bruker dem p\u00e5 en god m\u00e5te. Hun lanserte videoblogg tidlig i valgkampen og fortalte personlige historier fra sitt eget liv. Hun er jevnlig aktiv i sosiale medier p\u00e5 en m\u00e5te f\u00e5 politikere forel\u00f8pig er. Hadia snakker mye politikk, men ikke bare politikk. Responderer i sosiale medier p\u00e5 konkrete henvendelser og svarer p\u00e5 en \u00e6rlig og ubeskjeden m\u00e5te.<br \/>\n<a href=\"http:\/\/hadia.no\/\">Hadia Tajik.no<\/a> <a href=\"http:\/\/twitter.com\/hadiatajik\">@hadiatajik<\/a> <a href=\"http:\/\/www.facebook.com\/hadiatajik\">Facebook<\/a><\/p>\n<p><strong><a href=\"http:\/\/iskwew.com\/blogg\/wp-content\/uploads\/ida.jpg\"><img decoding=\"async\" class=\"alignright size-full wp-image-4265\" title=\"ida\" src=\"http:\/\/iskwew.com\/blogg\/wp-content\/uploads\/ida.jpg\" alt=\"\" width=\"75\" height=\"75\" \/><\/a>Ida Jackson (Virrvarr)<\/strong><br \/>\nEn popstjerne innen sosiale medier, med prisvinnende blogg, en rekke oppslag i ulike tradisjonelle medier og ukeblader. Engasjerte sine lesere under tilblivelsen av boken &#8220;Jenter som kommer&#8221;, gjennom den tornefulle veien mot riktig medisinsk og psykiatrisk behandling, gjennom feminisme, vanskelig barndom, sitt vakre ekteskap, barmhjertighet, motgang og fremgang. Hun er grensesprengende, produktiv, smart, \u00e6rlig og eksepsjonelt god til \u00e5 formidle. Hun bruker ord og illustrasjoner i samspill p\u00e5 en veldig s\u00e6rpreget m\u00e5te.<br \/>\n<a href=\"http:\/\/www.virrvarr.net\/\">Virrvarr.net<\/a> <a href=\"http:\/\/twitter.com\/virrvarr\">@virrvarr<\/a> <a href=\"http:\/\/www.facebook.com\/virrvarr\">Facebook<\/a><\/p>\n<p><strong><a href=\"http:\/\/iskwew.com\/blogg\/wp-content\/uploads\/Kristin.jpg\"><img decoding=\"async\" class=\"alignright size-full wp-image-4266\" title=\"Kristin\" src=\"http:\/\/iskwew.com\/blogg\/wp-content\/uploads\/Kristin.jpg\" alt=\"\" width=\"75\" height=\"75\" \/><\/a>Kristin Oudmayer (Vrangest)<\/strong><br \/>\nHar gjennomf\u00f8rt det eksepsjonelle prosjekt Mobbeboka ,som er blitt til gjennom sosiale medier. Denne m\u00e5ten \u00e5 gjennomf\u00f8re et bokprosjekt p\u00e5 er nyskapende i sin \u00e5penhet og offentlige tiln\u00e6rming. Hun har satt temaet mobbing p\u00e5 agendaen og brukt mye tid p\u00e5 \u00e5 debattere det i sosiale medier. Vrangest er lydh\u00f8r og sjener\u00f8s, hun har et v\u00e5kent \u00f8re for alle og er langt fra s\u00e5 vrang som navnet skulle tilsi.<br \/>\n<a href=\"http:\/\/curlylife.com\/\">A curly life<\/a> <a href=\"http:\/\/mobbebloggen.wordpress.com\/\">Den store mobbebloggen<\/a> <a href=\"http:\/\/twitter.com\/vrangest\">@vrangest<\/a><\/p>\n<p><strong><a href=\"http:\/\/iskwew.com\/blogg\/wp-content\/uploads\/sigrun.jpg\"><img decoding=\"async\" class=\"alignright size-full wp-image-4267\" title=\"sigrun\" src=\"http:\/\/iskwew.com\/blogg\/wp-content\/uploads\/sigrun.jpg\" alt=\"\" width=\"75\" height=\"75\" \/><\/a>Sigrun T\u00f8mmer\u00e5s<\/strong><br \/>\nHun har ett ukuelige engasjement for og forsvar av de svakeste i samfunnet.\u00a0 Hun deler informasjon, skaper debatt, er uredd, og tar opp tabubelagte emner som f\u00e5 t\u00f8r \u00e5 snakke om. Hun har f\u00e5tt pris for ytringsfrihet, holder foredrag, skriver inn til fagtidsskrifter om psykologi og utfordrer fagmilj\u00f8ene direkte. Hun behersker mange medier og f\u00f8lger opp viktige saker p\u00e5 flere fronter. Det er alltid snert i det hun skriver, og hun har imponerende kildehenvisninger som hun deler villig vekk. Sigrun bidrar til \u00e5 av-tabuifisere psykiske lidelser. Som hun sier selv i bloggen sin: \u201cJeg utsp\u00f8r verden fordi den setter sp\u00f8rsm\u00e5lstegn ved meg.\u201d<br \/>\n<a href=\"http:\/\/stomm-blog.blogspot.com\/\">Sigruns blogg<\/a> <a href=\"http:\/\/twitter.com\/sigrun_\">@sigrun_<\/a><\/p>\n<p><strong><a href=\"http:\/\/iskwew.com\/blogg\/wp-content\/uploads\/suongir.jpg\"><img decoding=\"async\" class=\"alignright size-full wp-image-4268\" title=\"suongir\" src=\"http:\/\/iskwew.com\/blogg\/wp-content\/uploads\/suongir.jpg\" alt=\"\" width=\"75\" height=\"76\" \/><\/a>S\u00f8lvi Suongir (Suongir)<\/strong><br \/>\nKan noen v\u00e6re opptatt av sosiale medier som fag uten \u00e5 f\u00f8lge @Suongir og bloggen hennes? Hun er kunnskapsrik og sprer sin dybdekunnskap om sosiale medier.\u00a0\u00a0 P\u00c5 bloggen sin skriver hun om sosiale medier, markedsf\u00f8ring og kommunikasjon. Hun deler informasjon om sosiale medier og annet, er morsom og opplysende p\u00e5 bloggen sin &#8211; som antakelig burde utgis som en fagbok for BI-studenter.\u00a0 Fantastisk hjelpsomhet er n\u00f8kkelordet.<br \/>\n<a href=\"http:\/\/suongir.blogspot.com\/\">Suongirs blogg<\/a> <a href=\"http:\/\/twitter.com\/suongir\">@suongir<\/a> <a href=\"http:\/\/facebook.com\/suongir\">Facebook<\/a><\/p>\n<p><strong>Lykke til med avstemningen!<br \/>\n<\/strong><br \/>\n<a href=\"http:\/\/kvinnekonge.wordpress.com\/\">Kvinnekongen<\/a> og <a href=\"http:\/\/iskwew.com\/blogg\/2006\/06\/23\/iskwew\/\">Iskwew<\/a><\/p>\n","protected":false},"excerpt":{"rendered":"<p>Det har ikke v\u00e6rt lett \u00e5 v\u00e6re jury og velge ut en kortere liste fra de 75 som ble nominerte Digitale superheltinner.\u00a0 Men vi har etter noen diskusjoner kommet frem til en liste p\u00e5 10 som vi \u00f8nsker at dere alle skal stemme p\u00e5, for p\u00e5 den m\u00e5ten \u00e5 k\u00e5re en f\u00f8rste blant likekvinner som [&hellip;]<\/p>\n","protected":false},"author":29,"featured_media":6322,"comment_status":"open","ping_status":"open","sticky":false,"template":"","format":"standard","meta":{"footnotes":""},"categories":[67],"tags":[140,237,253],"class_list":["post-4256","post","type-post","status-publish","format-standard","has-post-thumbnail","hentry","category-cyberspace","tag-kommunikasjon","tag-sosiale-medier","tag-superheltinne"],"_links":{"self":[{"href":"http:\/\/iskwew.com\/blogg\/wp-json\/wp\/v2\/posts\/4256","targetHints":{"allow":["GET"]}}],"collection":[{"href":"http:\/\/iskwew.com\/blogg\/wp-json\/wp\/v2\/posts"}],"about":[{"href":"http:\/\/iskwew.com\/blogg\/wp-json\/wp\/v2\/types\/post"}],"author":[{"embeddable":true,"href":"http:\/\/iskwew.com\/blogg\/wp-json\/wp\/v2\/users\/29"}],"replies":[{"embeddable":true,"href":"http:\/\/iskwew.com\/blogg\/wp-json\/wp\/v2\/comments?post=4256"}],"version-history":[{"count":0,"href":"http:\/\/iskwew.com\/blogg\/wp-json\/wp\/v2\/posts\/4256\/revisions"}],"wp:featuredmedia":[{"embeddable":true,"href":"http:\/\/iskwew.com\/blogg\/wp-json\/wp\/v2\/media\/6322"}],"wp:attachment":[{"href":"http:\/\/iskwew.com\/blogg\/wp-json\/wp\/v2\/media?parent=4256"}],"wp:term":[{"taxonomy":"category","embeddable":true,"href":"http:\/\/iskwew.com\/blogg\/wp-json\/wp\/v2\/categories?post=4256"},{"taxonomy":"post_tag","embeddable":true,"href":"http:\/\/iskwew.com\/blogg\/wp-json\/wp\/v2\/tags?post=4256"}],"curies":[{"name":"wp","href":"https:\/\/api.w.org\/{rel}","templated":true}]}}