{"id":339,"date":"2006-10-28T16:07:08","date_gmt":"2006-10-28T14:07:08","guid":{"rendered":"http:\/\/iskwew.com\/blogg\/2006\/10\/28\/om-dette-og-hint-og-en-trist-tigerunge\/"},"modified":"2008-02-27T00:27:40","modified_gmt":"2008-02-26T23:27:40","slug":"om-dette-og-hint-og-en-trist-tigerunge","status":"publish","type":"post","link":"http:\/\/iskwew.com\/blogg\/2006\/10\/28\/om-dette-og-hint-og-en-trist-tigerunge\/","title":{"rendered":"Om dette og hint og en trist Tigerunge"},"content":{"rendered":"<p><img decoding=\"async\" src=\"http:\/\/iskwew.com\/Bloggbilder\/torden.jpg\" align=\"left\" \/>Tigerungen er trist.  Og jeg er forbannet.  Sykkelen til tigerungen er blitt stj\u00e5let, og det til alt overm\u00e5l inne i v\u00e5r egen kjeller.  Borte vekk er sykkelen som han har strevd slik med \u00e5 l\u00e6re seg \u00e5 mestre.  Borte vekk er morgendagens planlagte sykkeltur, kanskje den siste f\u00f8r sn\u00f8en kommer.  Og jeg blir s\u00e5 sinna!  Det er rett og slett \u00fcberd\u00e5rlig gjort \u00e5 stjele sykkelen til Tigerungen.  Det kan ikke bli noen ny sykkel f\u00f8r til v\u00e5ren.  Og da skal det blir sykkel med tre l\u00e5ser og selvskudd innstallert om noen n\u00e6rmer seg.<\/p>\n<p>Ellers har vi v\u00e6rt p\u00e5 fris\u00f8r-ekspedisjon i dag, og klippet oss begge to.  Det var jammen godt.  Og selv om Tom fris\u00f8r p\u00e5st\u00e5r at halvparten av h\u00e5ret p\u00e5 det Iskwewske hode n\u00e5 er gr\u00e5tt, s\u00e5 spiller det ingen rolle, for det fikser jo han, slik at det defacto er brunt over mot r\u00f8dgyllent i stedet.  S\u00e5 selv om det gj\u00f8r et solid innhogg i lommeboken, s\u00e5 f\u00e5r det st\u00e5 sin pr\u00f8ve.<\/p>\n<p>Etter det handlet vi vinterutstyr til Tigerungen.  Ny vinterdress; tykk varm og god.  Pysjer.  Luer og votter.<\/p>\n<p>Til slutt ble det to b\u00f8ker p\u00e5 mor.  Vi fors\u00f8kte oss f\u00f8rst inn i &#8220;Bok i sentrum&#8221;-teltet i spikersuppa, men fant fort ut at det ikke er noe for klaustrofobiske kvinner i 40-\u00e5rene, og sm\u00e5 menn p\u00e5 7 \u00e5r som veldig fort blir borte.  Dermed spant vi ut fra teltet og over Karl Johan til Tanum.  Der kj\u00f8pte jeg:<\/p>\n<p><strong><em>&#8220;Typisk norsk&#8221;<\/em><\/strong> av Petter Schjerven m.fl.  Den ser veldig morsom ut.  Ikke noe er som \u00e5 gj\u00f8re spr\u00e5kkunnskap til noe morsomt, og ingen klarer vel det som Petter Scherven.  Den gleder jeg meg til \u00e5 lese.<\/p>\n<p><strong><em>&#8220;Pilgrimsreisen&#8221;<\/em><\/strong> av Paulo Coelho.  Det er en av de f\u00e5 av b\u00f8kene hans jeg ikke har lest enda, og gleder meg til den.  Den har akkurat kommet p\u00e5 norsk.  Jeg har fors\u00f8kt meg p\u00e5 den p\u00e5 portugisisk, men det er vrient.  Boken handler om pilgrimsturen hans til Santiago de Compostella.  Det var den f\u00f8rste boken han ga ut, i 1987.  P\u00e5 portugisisk heter den &#8220;O diario de um mago&#8221; eller &#8220;En magikers dagbok&#8221;.  Det hadde v\u00e6rt interessant \u00e5 vite hvorfor tittelen endres til Pilgrimsreisen n\u00e5r den oversettes.  Den heter The pilgrimage p\u00e5 engelsk ogs\u00e5.<\/p>\n<p>Alt i alt ble dette en dag da det gikk mye cash ut fra konto.<\/p>\n<p><strong>Til slutt:<\/strong> Jeg har oppgradert wordpress til versjon 2.0.5.  Og alt ser ut til \u00e5 fungere, bortsett fra at jeg f\u00e5r en feilmelding her og der, n\u00e6rmere bestemt denne:<\/p>\n<blockquote><p><em>&#8220;Found<\/em><\/p>\n<p><em>The document has moved here.<\/em><br \/>\n<em>Additionally, a 500 Internal Server Error error was encountered while trying to use an ErrorDocument to handle the request.&#8221;<\/em><\/p><\/blockquote>\n<p>Jeg f\u00e5r den for eksempel n\u00e5r jeg aktiverer plugins, men det virker jo, s\u00e5 jeg vet ikke hva det betyr.  Er den noen av leserne som bruker WordPress og f\u00e5r samme feil?<\/p>\n<p>Og som den ut\u00e5lmodige kyllingen jeg er, la jeg tilbake den gamle versjonen inntill videre.  Backup er fine saker!<\/p>\n","protected":false},"excerpt":{"rendered":"<p>Tigerungen er trist. Og jeg er forbannet. Sykkelen til tigerungen er blitt stj\u00e5let, og det til alt overm\u00e5l inne i v\u00e5r egen kjeller. Borte vekk er sykkelen som han har strevd slik med \u00e5 l\u00e6re seg \u00e5 mestre. Borte vekk er morgendagens planlagte sykkeltur, kanskje den siste f\u00f8r sn\u00f8en kommer. Og jeg blir s\u00e5 sinna! [&hellip;]<\/p>\n","protected":false},"author":29,"featured_media":0,"comment_status":"open","ping_status":"open","sticky":false,"template":"","format":"standard","meta":{"footnotes":""},"categories":[11],"tags":[],"class_list":["post-339","post","type-post","status-publish","format-standard","hentry","category-tigerungen"],"_links":{"self":[{"href":"http:\/\/iskwew.com\/blogg\/wp-json\/wp\/v2\/posts\/339","targetHints":{"allow":["GET"]}}],"collection":[{"href":"http:\/\/iskwew.com\/blogg\/wp-json\/wp\/v2\/posts"}],"about":[{"href":"http:\/\/iskwew.com\/blogg\/wp-json\/wp\/v2\/types\/post"}],"author":[{"embeddable":true,"href":"http:\/\/iskwew.com\/blogg\/wp-json\/wp\/v2\/users\/29"}],"replies":[{"embeddable":true,"href":"http:\/\/iskwew.com\/blogg\/wp-json\/wp\/v2\/comments?post=339"}],"version-history":[{"count":0,"href":"http:\/\/iskwew.com\/blogg\/wp-json\/wp\/v2\/posts\/339\/revisions"}],"wp:attachment":[{"href":"http:\/\/iskwew.com\/blogg\/wp-json\/wp\/v2\/media?parent=339"}],"wp:term":[{"taxonomy":"category","embeddable":true,"href":"http:\/\/iskwew.com\/blogg\/wp-json\/wp\/v2\/categories?post=339"},{"taxonomy":"post_tag","embeddable":true,"href":"http:\/\/iskwew.com\/blogg\/wp-json\/wp\/v2\/tags?post=339"}],"curies":[{"name":"wp","href":"https:\/\/api.w.org\/{rel}","templated":true}]}}