{"id":330,"date":"2006-10-21T11:30:20","date_gmt":"2006-10-21T09:30:20","guid":{"rendered":"http:\/\/iskwew.com\/blogg\/2006\/10\/21\/tanker-i-etterkant-av-mannskamp-for-likestilling\/"},"modified":"2010-11-11T22:15:20","modified_gmt":"2010-11-11T21:15:20","slug":"tanker-i-etterkant-av-mannskamp-for-likestilling","status":"publish","type":"post","link":"http:\/\/iskwew.com\/blogg\/2006\/10\/21\/tanker-i-etterkant-av-mannskamp-for-likestilling\/","title":{"rendered":"Tanker i etterkant av &#8220;Mannskamp for likestilling&#8221;"},"content":{"rendered":"<p>N\u00e5 er det en uke siden hordene fra nettavisene inntok bloggen min.  Det var en litt selsom opplevelse, og det ble ikke s\u00e5 mye konstruktiv debattering av det.  Men det som er sikkert er at dette er et tema som fenger mange, b\u00e5de menn og kvinner.  Ikke rart det, ettersom kjernen i det er at det handler om barna v\u00e5re.<\/p>\n<p>Jeg tror det polemiske utspillet til D\u00f8ving har skapt et inntrykk av kvinner og menn som konkurrenter om makt, p\u00e5 en m\u00e5te jeg ikke har f\u00f8lt meg hjemme i, eller som jeg tror p\u00e5 en god m\u00e5te beskriver problemkomplekset.  Det blir for meg en demonisering av kvinner og menn som ikke tjener det form\u00e5l \u00e5 bidra til forst\u00e5else og samarbeide.  <a href=\"http:\/\/tiqui.blogg.no\/151006081418_likestilling__et_forsk_p_konstru.html\" target=\"_blank\">Tiqui<\/a> har beskrevet dette veldig godt i et innlegg.<\/p>\n<p>Og jeg har opplevd i debatten at begreper som holdninger, valg og ansvar ikke har noen plass.  Det virker som om mange ser seg selv som l\u00f8v i vinden, alts\u00e5 at de ikke har noen p\u00e5virkning og styring p\u00e5 sine egne liv.  Saken er at det kan v\u00e6re riktig det, noen ganger i livet skjer det ting fullstendig utenfor v\u00e5r kontroll, men jeg velger likevel \u00e5 se at <a href=\"http:\/\/iskwew.com\/blogg\/2006\/07\/29\/det-bare-ble-sann\/\">jeg har valg<\/a>.  Det er alltid flere veier ut av en gitt situasjon.  Kan hende lurer jeg meg selv, men \u00e5 se livet slik gj\u00f8r i hvert fall at jeg ikke har rom for verken anger eller bitterhet.  Ser du deg selv som styrende i ditt eget liv, s\u00e5 har du ikke rom for det.<\/p>\n<p>Det som har sjokkert meg mest er synspunktene p\u00e5 abort, som en del menn har lagt for dagen.  N\u00e5 beklager D\u00f8ving i et intervju med <a href=\"http:\/\/www.morgenbladet.no\/apps\/pbcs.dll\/article?AID=\/20061020\/OAKUELTINT\/110200034\" target=\"_blank\">Morgenbladet<\/a> at det fikk bli fokus for artikkelen i Dagbladet forrige s\u00f8ndag.  Men han satte det n\u00e5 p\u00e5 dagsorden, og det f\u00f8rte til at det kom frem en del holdninger jeg ikke trodde fantes.  Det finnes alts\u00e5 en del menn der ute som mener at en mann skal ha rett til \u00e5 ta kontroll over en kvinnes kropp.  Enten ved \u00e5 bestemme at hun skal ta abort, eller ved \u00e5 bestemme at hun skal b\u00e6re frem barn.  Og hvor mye jeg enn kan forst\u00e5 en manns sorg og smerte over at et barn han \u00f8nsker aborteres, s\u00e5 klarer jeg ikke \u00e5 forst\u00e5 at det finnes de som resonnerer dithen at mannen skal kunne bestemme at en kvinne skal b\u00e6re frem et foster mot sin vilje.  Og i enda mindre grad forst\u00e5r jeg de som mener at en mann skal kunne bestemme at en kvinne skal tvinges til abort.  Her ble jeg sterkt f\u00f8lelsesmessig engasjert selvsagt, siden det direkte ber\u00f8rer meg.  Og det \u00e5 synes det er logisk at et barn objektivt sett ikke er \u00f8nsket, dersom ikke b\u00e5de mor og far \u00f8nsker det, det er b\u00e5de kynisk og det sier noe om at noen menn ser seg som individer som bare skal ta ansvar for handlingene sine n\u00e5r det passer dem.  Det er mannen  jeg vil kalle mannen uten moral.<\/p>\n<p>Spaltet.net hadde en tr\u00e5d om dette, og det er beundringsverdig som <a href=\"http:\/\/www.spaltet.net\/\" target=\"_blank\">Tonje<\/a>, <a href=\"http:\/\/marion.blogg.no\/\" target=\"_blank\">Marion<\/a> og <a href=\"http:\/\/undreverset.blogspot.com\/\" target=\"_blank\">Undre<\/a> klarte \u00e5 argumentere.  Selv rygget jeg unna den debatten.<\/p>\n<p>Jeg er jo av de som ikke passer inn i kj\u00f8nnsstereotypier.  Jeg har jobbet og hatt lederposisjoner i en mannsdominert sektor hele mitt yrkesliv.  Jeg har samtidig gjort det typisk kvinnelige, \u00e5 prioritere og ta meg av barnet mitt.  Og jeg er langt fra den f\u00f8rste kvinnen som har f\u00e5tt barn alene, eller som har oppdratt barn alene.  Det har kvinner gjort til alle tider.  Og jeg er langt fra den f\u00f8rste kvinnen som b\u00e5de har jobbet og tatt meg av barn.  Det har ogs\u00e5 kvinner gjort til alle tider.  Myten om den hjemmev\u00e6rende husmoren er en myte.  Det er stort sett et fenomen fra 50-tallet.  I tidligere tider var det bare bedrestilte kvinner som var hjemmev\u00e6rende.  Kvinner har alltid arbeidet, enten i landbruket eller i industri\/tjenesteyting.  Barn er gjerne vokst opp i storfamilie-sammenhenger.  Kjernefamilien er et nytt fenomen.  Og jeg har tenkt som s\u00e5 at barnehage\/SFO og andre offentlige omsorgstiltak for barn er den moderne tids versjon av storfamilien.  For meg har det v\u00e6rt en enorm st\u00f8tte at Tigerungen har hatt slike kompetente omsorgspersoner i livet sitt.<\/p>\n<p><a href=\"http:\/\/abre.blogsome.com\/2006\/10\/17\/stereotypisk\/\" target=\"_blank\">Arne Brendmo<\/a>, Floken i nettet, skrev for\u00f8vrig veldig bra kom kj\u00f8nnsstereotypiene.  Som jeg f\u00f8ler er sv\u00e6rt begrensende.<\/p>\n<p>Jeg innser at jeg kanskje ikke er den rette til \u00e5 snakke om menn, kvinner og barn i kjernefamiliekontekst.  For jeg har v\u00e6rt alene med Tigerungen hele livet hans.  S\u00e5 jeg vet egentlig lite om den &#8220;maktkampen&#8221; som foreg\u00e5r i de tusen hjem.  Det er egentlig bare mine egne leveregler og syn p\u00e5 livet jeg bruker n\u00e5r jeg snakker om at menn m\u00e5 gj\u00f8re valg og ta ansvar.  Siden hvem som har hatt den faktiske omsorgen er viktig n\u00e5r det gjelder barnefordeling, s\u00e6rlig for sm\u00e5 barn, s\u00e5 er det ingen vei utenom \u00e5 delta i den omsorgen.  F\u00f8r man st\u00e5r der og kjernefamilien har brutt sammen.  Og mitt inntrykk er at menn gj\u00f8r nettopp det.  Det er akseptert i Norge \u00e5 g\u00e5 fra jobb, midt i et m\u00f8te, for \u00e5 hente barn i barnehage.  Det er akseptert \u00e5 komme for sent fordi man m\u00e5tte levere i barnehage.  Det er akseptert at far tar pappapermisjon.  Ingen ser vel rart p\u00e5 en far som tar seg av barna sine?  Det er en beskrivelse av virkeligheten jeg ikke kjenner meg igjen i.  Og jeg jobber i et gubbe-selskap.<br \/>\nEn liten setning i D\u00f8vings kronikk er f\u00f8lgende: <span style=\"font-style: italic\">&#8220;Det er n\u00e6rhet til egne barn og evnen til \u00e5 administrere et sosialt liv som betyr noe for din egen velferd.&#8221;<\/span>  Det har han rett i.  Et av poengene hans er at kvinner er de som styrer det sosiale livet, som s\u00f8rger for at det fungerer.  Og ofte er det riktig.  Men hva skal vi gj\u00f8re med det?  Jo, menn m\u00e5 velge \u00e5 prioritere det, og velge \u00e5 organisere det.  Du kan ikke lovfeste n\u00e6rhet til egne barn, det m\u00e5 individet velge.  Du kan ikke lovfeste at menn skal ha et like stort sosialt nettverk som kvinner.  De m\u00e5 velge det.  Jeg kommer ikke unna min grunntese i livet: <span style=\"font-weight: bold\">Det handler om valg, og det handler om \u00e5 ta ansvar for sitt eget liv<\/span>.  Noe kan lovverket rydde opp i, st\u00f8tte og underbygge, men til sist handler det om hva vi velger \u00e5 prioritere.<\/p>\n<p>Selv har jeg valgt bort karrieren etter at jeg fikk barn.  Jeg har valgt \u00e5 si nei til \u00e5 v\u00e6re i NHO&#8217;s database over potensielle kvinnelige styremedlemmer.  For jeg vil og m\u00e5 prioritere barnet mitt.  Og DET handler om valg.<\/p>\n<p>For\u00f8vrig har jeg skj\u00f8nt n\u00e5, at jeg er allmektig i mitt eget liv.  Jeg har b\u00e5de makten i den offentlige sf\u00e6ren og i den hjemlige.  H\u00f8res ikke det flott ut?<\/p>\n","protected":false},"excerpt":{"rendered":"<p>N\u00e5 er det en uke siden hordene fra nettavisene inntok bloggen min. Det var en litt selsom opplevelse, og det ble ikke s\u00e5 mye konstruktiv debattering av det. Men det som er sikkert er at dette er et tema som fenger mange, b\u00e5de menn og kvinner. Ikke rart det, ettersom kjernen i det er at [&hellip;]<\/p>\n","protected":false},"author":29,"featured_media":0,"comment_status":"open","ping_status":"open","sticky":false,"template":"","format":"standard","meta":{"footnotes":""},"categories":[15],"tags":[134,69],"class_list":["post-330","post","type-post","status-publish","format-standard","hentry","category-mennesker","tag-kjnnsroller","tag-likestilling"],"_links":{"self":[{"href":"http:\/\/iskwew.com\/blogg\/wp-json\/wp\/v2\/posts\/330","targetHints":{"allow":["GET"]}}],"collection":[{"href":"http:\/\/iskwew.com\/blogg\/wp-json\/wp\/v2\/posts"}],"about":[{"href":"http:\/\/iskwew.com\/blogg\/wp-json\/wp\/v2\/types\/post"}],"author":[{"embeddable":true,"href":"http:\/\/iskwew.com\/blogg\/wp-json\/wp\/v2\/users\/29"}],"replies":[{"embeddable":true,"href":"http:\/\/iskwew.com\/blogg\/wp-json\/wp\/v2\/comments?post=330"}],"version-history":[{"count":0,"href":"http:\/\/iskwew.com\/blogg\/wp-json\/wp\/v2\/posts\/330\/revisions"}],"wp:attachment":[{"href":"http:\/\/iskwew.com\/blogg\/wp-json\/wp\/v2\/media?parent=330"}],"wp:term":[{"taxonomy":"category","embeddable":true,"href":"http:\/\/iskwew.com\/blogg\/wp-json\/wp\/v2\/categories?post=330"},{"taxonomy":"post_tag","embeddable":true,"href":"http:\/\/iskwew.com\/blogg\/wp-json\/wp\/v2\/tags?post=330"}],"curies":[{"name":"wp","href":"https:\/\/api.w.org\/{rel}","templated":true}]}}