{"id":2968,"date":"2009-01-24T14:06:23","date_gmt":"2009-01-24T13:06:23","guid":{"rendered":"http:\/\/iskwew.com\/blogg\/?p=2968"},"modified":"2009-01-24T14:06:23","modified_gmt":"2009-01-24T13:06:23","slug":"timen-kom-og-gikk-og-jeg-ble-ikke-oversentimental","status":"publish","type":"post","link":"http:\/\/iskwew.com\/blogg\/2009\/01\/24\/timen-kom-og-gikk-og-jeg-ble-ikke-oversentimental\/","title":{"rendered":"Timen kom og gikk og jeg ble ikke oversentimental"},"content":{"rendered":"<p>Da er min siste dag hos n\u00e5v\u00e6rende arbeidsgiver gjennomf\u00f8rt. 6.800 dager har jeg v\u00e6rt ansatt der. Jeg var temmelig sikker p\u00e5 at det kom til \u00e5 ende i t\u00e5rer, om ikke t\u00e6nders gnidsel.\u00a0 Men det gjorde det ikke.\u00a0 Det ble en veldig hyggelig avslutning, med verdens aller beste kunstverk av en sjokolademoussekake med mandelbunn.\u00a0 Jeg fikk fine gaver og gode ord fra sjefen.<\/p>\n<p>Denne gangen hadde jeg tatt til vettet og bestemt meg for \u00e5 ikke ta alt p\u00e5 sparket.\u00a0 S\u00e5 jeg hadde skrevet en tale.\u00a0 For \u00e5 v\u00e6re sikker p\u00e5 \u00e5 si det som var viktig \u00e5 si.\u00a0 Om det jeg har arbeidet med gjennom 18 \u00e5r, og om hva selskapet og kollegene mine har betydd for meg.<\/p>\n<p>Jeg fikk frem at n\u00e5r du har sittet med posisjoner i valuta- og rentemarkedene s\u00e5 lenge som jeg har gjort (12 \u00e5r, de 12 f\u00f8rste), s\u00e5 har du med deg en yrkesskade for resten av livet.\u00a0 Skaden ser ut til \u00e5 v\u00e6re kronisk.\u00a0 Den arter seg ved at du oversetter alt som skjer rundt deg, b\u00e5de sm\u00e5 hendelser og store, til f\u00f8lgende setning: <em>&#8220;Hva betyr det for finansmarkedene?&#8221;<\/em> Hva betyr det for USD-kursen? Euroen?\u00a0 Langsiktige renter? Aksjemarkedene? Kronen?<\/p>\n<p>Det slutter jeg visst aldri med, det g\u00e5r helt p\u00e5 autopilot.\u00a0 Jeg er programmert til \u00e5 gj\u00f8re det.<\/p>\n<p>Jeg fikk frem hva det betydde for meg \u00e5 f\u00e5 reise til Brasil.\u00a0 At det er noe jeg alltid vil ha med meg, og at jeg lengter tilbake, nesten hver dag.\u00a0 At jeg en gang skal bo der igjen.<\/p>\n<p>Det viktigste jeg fikk frem, er de tre tingene jeg mener at vi p\u00e5 min tidligere arbeidsplass har v\u00e6rt veldig gode p\u00e5.<\/p>\n<p><strong>Nummer en er deling av kunnskap.<\/strong> Det har vi gjort i veldig stor grad, mellom kolleger, mellom avdelinger og mellom ledelsen og de ansatte.\u00a0 I veldig liten grad har folk sittet p\u00e5 sine egne sm\u00e5 tuer, og hegnet om sitt ansvarsomr\u00e5de, uten \u00e5 ville dele kunnskap med andre.\u00a0 Det er en enorm styrke b\u00e5de for den enkelte og for organisasjonen og selskapet.<\/p>\n<p><strong>Nummer to er fleksibilitet. <\/strong> Da jeg kom tilbake fra svangerskapspermisjon i 2000 hadde jeg skrevet en lang liste som innehold hvordan jeg skulle fikse b\u00e5de en lederjobb med 24\/365 ansvar for posisjoner og samtidig v\u00e6re alenemor.\u00a0 Men den listen er det til dags dato ingen som har spurt etter.\u00a0 Dermed har jeg aldri f\u00f8lt meg i den ber\u00f8mte tidsklemma.\u00a0 Jeg har sjelden v\u00e6rt p\u00e5 kontoret mer enn 7 timer hver dag.\u00a0 Resten har jeg gjort p\u00e5 kveldstid, og ingen har noen gang sett skr\u00e5tt p\u00e5 meg n\u00e5r jeg har l\u00f8pt ut d\u00f8ren tidlig for \u00e5 rekke barnehagen eller skolen eller fritidsaktivitetene.\u00a0 Hvor mye det har betydd, kan jeg egentlig ikke beskrive med ord.<\/p>\n<p><strong>Nummer tre er humor og latter.<\/strong> Jeg har alltid funnet noen med en gjenkjennbar sans for humor.\u00a0 Det har v\u00e6rt vanskelige perioder da l\u00e6rekurven har v\u00e6rt bratt som Mount Everest og vi har jobbet veldig mye.\u00a0 Det har v\u00e6rt gr\u00e5 perioder da vi bare har driftet de daglige oppgavene.\u00a0 Men latteren har alltid v\u00e6rt der.<\/p>\n<p>En arbeidsplass som har de tre tingene har noe av det viktigste for \u00e5 skape en god arbeidsplass.<\/p>\n<p>S\u00e5 pakket jeg tingene mine, sa adj\u00f8 og gikk ut d\u00f8rene, etter \u00e5 ha levert PC og adgangskort.\u00a0 Og det var helt OK.\u00a0 Det er noe med \u00e5 sortere, kaste, pakke, ha en avskjedsstund.\u00a0 Det er en mental prosess mer enn en praktisk en.\u00a0 S\u00e5 den melankolien som var der tidligere i uken, den var borte da jeg gikk ut d\u00f8ren.\u00a0 Fordi jeg hadde avsluttet p\u00e5 en skikkelig m\u00e5te.\u00a0 Det kjentes godt.<\/p>\n<p>N\u00e5 er det en uke fri i sn\u00f8kaos, og s\u00e5 skal jeg i gang med nye oppgaver og nye utfordringer p\u00e5 et nytt sted.\u00a0 Jeg gleder meg! \ud83d\ude00<\/p>\n<p style=\"text-align: center;\"><a title=\"Masters Diploma\" href=\"http:\/\/www.flickr.com\/photos\/72809961@N00\/3221133195\/\" target=\"_blank\"><img decoding=\"async\" class=\"aligncenter\" style=\"border: 0pt none;\" src=\"http:\/\/farm4.static.flickr.com\/3426\/3221133195_cc63e6898b.jpg\" border=\"0\" alt=\"Masters Diploma\" width=\"400\" height=\"267\" \/><\/a><br \/>\n<small><a title=\"Attribution-NonCommercial-NoDerivs License\" href=\"http:\/\/creativecommons.org\/licenses\/by-nc-nd\/2.0\/\" target=\"_blank\"><img decoding=\"async\" src=\"http:\/\/iskwew.com\/blogg\/wp-content\/plugins\/photo-dropper\/images\/cc.png\" border=\"0\" alt=\"Creative Commons License\" width=\"16\" height=\"16\" align=\"absmiddle\" \/><\/a> <a href=\"http:\/\/www.photodropper.com\/photos\/\" target=\"_blank\">photo<\/a> credit: <a title=\"Milliron Photography\" href=\"http:\/\/www.flickr.com\/photos\/72809961@N00\/3221133195\/\" target=\"_blank\">Milliron Photography<\/a><\/small><\/p>\n","protected":false},"excerpt":{"rendered":"<p>Da er min siste dag hos n\u00e5v\u00e6rende arbeidsgiver gjennomf\u00f8rt. 6.800 dager har jeg v\u00e6rt ansatt der. Jeg var temmelig sikker p\u00e5 at det kom til \u00e5 ende i t\u00e5rer, om ikke t\u00e6nders gnidsel.\u00a0 Men det gjorde det ikke.\u00a0 Det ble en veldig hyggelig avslutning, med verdens aller beste kunstverk av en sjokolademoussekake med mandelbunn.\u00a0 Jeg [&hellip;]<\/p>\n","protected":false},"author":29,"featured_media":0,"comment_status":"open","ping_status":"open","sticky":false,"template":"","format":"standard","meta":{"footnotes":""},"categories":[9],"tags":[108],"class_list":["post-2968","post","type-post","status-publish","format-standard","hentry","category-liv-og-levned","tag-arbeidsliv"],"_links":{"self":[{"href":"http:\/\/iskwew.com\/blogg\/wp-json\/wp\/v2\/posts\/2968","targetHints":{"allow":["GET"]}}],"collection":[{"href":"http:\/\/iskwew.com\/blogg\/wp-json\/wp\/v2\/posts"}],"about":[{"href":"http:\/\/iskwew.com\/blogg\/wp-json\/wp\/v2\/types\/post"}],"author":[{"embeddable":true,"href":"http:\/\/iskwew.com\/blogg\/wp-json\/wp\/v2\/users\/29"}],"replies":[{"embeddable":true,"href":"http:\/\/iskwew.com\/blogg\/wp-json\/wp\/v2\/comments?post=2968"}],"version-history":[{"count":0,"href":"http:\/\/iskwew.com\/blogg\/wp-json\/wp\/v2\/posts\/2968\/revisions"}],"wp:attachment":[{"href":"http:\/\/iskwew.com\/blogg\/wp-json\/wp\/v2\/media?parent=2968"}],"wp:term":[{"taxonomy":"category","embeddable":true,"href":"http:\/\/iskwew.com\/blogg\/wp-json\/wp\/v2\/categories?post=2968"},{"taxonomy":"post_tag","embeddable":true,"href":"http:\/\/iskwew.com\/blogg\/wp-json\/wp\/v2\/tags?post=2968"}],"curies":[{"name":"wp","href":"https:\/\/api.w.org\/{rel}","templated":true}]}}