{"id":2930,"date":"2009-01-15T12:54:34","date_gmt":"2009-01-15T11:54:34","guid":{"rendered":"http:\/\/iskwew.com\/blogg\/?p=2930"},"modified":"2009-01-15T12:55:18","modified_gmt":"2009-01-15T11:55:18","slug":"hva-mener-hun-egentlig","status":"publish","type":"post","link":"http:\/\/iskwew.com\/blogg\/2009\/01\/15\/hva-mener-hun-egentlig\/","title":{"rendered":"Hva mener hun egentlig?"},"content":{"rendered":"<p>I <a href=\"http:\/\/www.aftenposten.no\/nyheter\/iriks\/article2867223.ece\">samme artikkel<\/a> i Aftenposten sier Mona Levin f\u00f8rst:<\/p>\n<blockquote><p>&#8220;Willoch er rasist og viser j\u00f8dehat n\u00e5r han presterer \u00e5 si p\u00e5 norsk radio at vi ikke kan stole p\u00e5 Obama og hans administrasjon fordi han har en j\u00f8disk stabssjef. Det oppfattet jeg som antisemittisk, og dessuten rasisistisk, fordi han sier at fordi Obama er svart, kan han la seg manipulere.&#8221;<\/p><\/blockquote>\n<p>og s\u00e5:<\/p>\n<blockquote><p>&#8220;Levin understreker at Willoch m\u00e5 f\u00e5 lov til \u00e5 mene hva han vil om Israels politikk, men at han \u00abm\u00e5 ta ansvar for hatet\u00bb mot Israel. Hun hevder ikke at Willoch hater j\u00f8der, men at hans hat mot Israel kan bidra til hat mot j\u00f8der.<\/p>\n<p>&#8211; Ringvirkningene av hans hat mot israel, kan f\u00f8re til antisemittisme. Disse ringvirkningene m\u00e5 han ta ansvar for. Han kan si hva han vil om Israel, men han er et menneske som kjenne ordenes vekt. Ingen vet bedre enn ham hvordan man skaper en opinion. Da m\u00e5 han ta ansvar for det han sier.&#8221;<\/p><\/blockquote>\n<p>Er Willoch en antisemittisk, rasistisk j\u00f8dehater eller ikke? De to uttalelsene henger ikke i hop.<\/p>\n<p>Jeg tror ikke man er tjent med \u00e5 inflatere begreper som<\/p>\n<ul>\n<li>rasist<\/li>\n<li>j\u00f8dehater<\/li>\n<li>hat<\/li>\n<\/ul>\n<p>\u00c5 beskylde K\u00e5re Willoch for \u00e5 v\u00e6re antisemitt faller p\u00e5 sin egen urimelighet, mener n\u00e5 jeg. Poenget hans er at Israel-lobbyen i USA er meget sterk, og at Obamas sjefsr\u00e5dgiver er en del av den lobbyen. K\u00e5re Willoch begrunnet uttalelsen sin slik p\u00e5 <a href=\"http:\/\/tuxlegacy.aftenposten.no\/nettprat\/150109_KaareW\/\" target=\"_blank\">Aftenpostens nettm\u00f8te<\/a> i dag:<\/p>\n<blockquote><p>&#8220;En rimelig forst\u00e5else av min uttalelse om Obamas stabssjef gir etter mitt skj\u00f8nn ikke grunnlag for antydninger om antisemittisme. Jeg sikter til det velkjente forhold at de fleste amerikanske j\u00f8der &#8211; av naturlige grunner &#8211; har langt mer sympati for Israel enn for palestinerne. Det er viktig at amerikansk politikk n\u00e5 blir mer n\u00f8ytral. Jeg har uttalt bekymring for at dette kan bli vanskelig for en j\u00f8disk stabssjef i Det hvite hus \u00e5 medvirke til det, men jeg h\u00e5per at han vil medvirke.&#8221;<\/p><\/blockquote>\n<p>Men som sagt st\u00e5r de to uttalelsene til Mona Levin i sterk motstrid. Hun stempler Willoch som en rasistisk j\u00f8dehater i den f\u00f8rste. I uttalelse nummer to, sier hun at han nok ikke hater j\u00f8der (er antisemitt) men hater Israel. Og at han har ansvar for at hans uttalelser om Israel og israelsk krigf\u00f8ring skaper j\u00f8dehat. Han kan ikke v\u00e6re motstander av den krigf\u00f8ringen, eller i hvert fall ikke si han er det.<\/p>\n<p>Eller hva Mona Levin n\u00e5 mener, egentlig.<\/p>\n<p>Jeg har <a href=\"http:\/\/iskwew.com\/blogg\/2006\/09\/25\/mona-levin-b%c3%b8r-gi-seg-selv-munnkurv\/\">sagt det f\u00f8r<\/a>, og jeg kan godt si det igjen:<\/p>\n<blockquote><p>Hva er det igjen \u00e5 si den dagen det virkelig store og avskyelige anti-semittiske dyret viser sitt stygge hode igjen? Ingen ting.<\/p><\/blockquote>\n","protected":false},"excerpt":{"rendered":"<p>I samme artikkel i Aftenposten sier Mona Levin f\u00f8rst: &#8220;Willoch er rasist og viser j\u00f8dehat n\u00e5r han presterer \u00e5 si p\u00e5 norsk radio at vi ikke kan stole p\u00e5 Obama og hans administrasjon fordi han har en j\u00f8disk stabssjef. Det oppfattet jeg som antisemittisk, og dessuten rasisistisk, fordi han sier at fordi Obama er svart, [&hellip;]<\/p>\n","protected":false},"author":29,"featured_media":0,"comment_status":"open","ping_status":"open","sticky":false,"template":"","format":"standard","meta":{"footnotes":""},"categories":[4],"tags":[118],"class_list":["post-2930","post","type-post","status-publish","format-standard","hentry","category-meninger-om-mangt-og-mye","tag-ord"],"_links":{"self":[{"href":"http:\/\/iskwew.com\/blogg\/wp-json\/wp\/v2\/posts\/2930","targetHints":{"allow":["GET"]}}],"collection":[{"href":"http:\/\/iskwew.com\/blogg\/wp-json\/wp\/v2\/posts"}],"about":[{"href":"http:\/\/iskwew.com\/blogg\/wp-json\/wp\/v2\/types\/post"}],"author":[{"embeddable":true,"href":"http:\/\/iskwew.com\/blogg\/wp-json\/wp\/v2\/users\/29"}],"replies":[{"embeddable":true,"href":"http:\/\/iskwew.com\/blogg\/wp-json\/wp\/v2\/comments?post=2930"}],"version-history":[{"count":0,"href":"http:\/\/iskwew.com\/blogg\/wp-json\/wp\/v2\/posts\/2930\/revisions"}],"wp:attachment":[{"href":"http:\/\/iskwew.com\/blogg\/wp-json\/wp\/v2\/media?parent=2930"}],"wp:term":[{"taxonomy":"category","embeddable":true,"href":"http:\/\/iskwew.com\/blogg\/wp-json\/wp\/v2\/categories?post=2930"},{"taxonomy":"post_tag","embeddable":true,"href":"http:\/\/iskwew.com\/blogg\/wp-json\/wp\/v2\/tags?post=2930"}],"curies":[{"name":"wp","href":"https:\/\/api.w.org\/{rel}","templated":true}]}}