{"id":2049,"date":"2008-10-06T09:52:51","date_gmt":"2008-10-06T07:52:51","guid":{"rendered":"http:\/\/iskwew.com\/blogg\/?p=2049"},"modified":"2008-10-06T09:52:51","modified_gmt":"2008-10-06T07:52:51","slug":"forvirrende-fra-navarsete","status":"publish","type":"post","link":"http:\/\/iskwew.com\/blogg\/2008\/10\/06\/forvirrende-fra-navarsete\/","title":{"rendered":"Forvirrende fra Navarsete"},"content":{"rendered":"<p>Liv Signe Navarsete ber idretten <a href=\"http:\/\/www.aftenposten.no\/nyheter\/sport\/article2694413.ece\">vente med \u00e5 gj\u00f8re vedtak<\/a> om hvorvidt idretten g\u00e5r inn for \u00e5 sende OL-s\u00f8knad eller ikke.  Det kommer av at hun er redd idretten ikke har forst\u00e5tt hva regjeringen sier.  Navarsete sier:<\/p>\n<blockquote><p>&#8220;Det er ikke s\u00e5nn at idretten skal straffes om man g\u00e5r inn for et OL i Troms\u00f8 gjennom \u00e5 f\u00e5 mindre anlegg andre steder. Slike forutsetninger har regjeringen aldri lagt&#8221;<\/p><\/blockquote>\n<p>Og da er i hvert fall jeg forvirret.  Jeg trodde nemlig at poenget var at idretten ikke b\u00e5de f\u00e5r milliardst\u00f8tte til Troms\u00f8-OL og samtidig andre anlegg.  Jeg hadde trodd at idrettslederne hadde oppfattet det riktig, nemlig at idretten ikke b\u00e5de f\u00e5r OL og diverse andre anlegg.  Det er selvsagt problematisk for idretten, ettersom OL jo legges til en del av landet som ikke akkurat har et befolkningsgrunnlag som sikrer gjenbruk.  <\/p>\n<p>Og slik m\u00e5 det ogs\u00e5 v\u00e6re.  Vi kan ikke bruke ubegrenset med penger p\u00e5 idrettsanlegg og arrangementer.  Det blir dermed full forvirring av Navarsetes utspill, som indikerer at det regjeringen har uttalt og idretten oppfattet, ikke er slik likevel.<\/p>\n<p>Sannsynligvis ser Navarsete OL i Troms\u00f8 som distriktspolitikk.  N\u00e5r hun s\u00e5 har skj\u00f8nt at idretten har tolket rammebetingelsene slik de er fremlagt, og med sannsynlighet ikke kommer til \u00e5 st\u00f8tte s\u00f8knaden, s\u00e5 gj\u00f8r hun retrett.  Og sier at det nok blir penger likevel, til sv\u00f8mmehaller og fotballbaner.<\/p>\n<p>Her m\u00e5 ansvarlig statsr\u00e5d komme p\u00e5 banen og avklare, og det fort som bare det.  Idrettsstyret behandler saken i dag.<\/p>\n","protected":false},"excerpt":{"rendered":"<p>Liv Signe Navarsete ber idretten vente med \u00e5 gj\u00f8re vedtak om hvorvidt idretten g\u00e5r inn for \u00e5 sende OL-s\u00f8knad eller ikke. Det kommer av at hun er redd idretten ikke har forst\u00e5tt hva regjeringen sier. Navarsete sier: &#8220;Det er ikke s\u00e5nn at idretten skal straffes om man g\u00e5r inn for et OL i Troms\u00f8 gjennom [&hellip;]<\/p>\n","protected":false},"author":29,"featured_media":0,"comment_status":"open","ping_status":"open","sticky":false,"template":"","format":"standard","meta":{"footnotes":""},"categories":[4],"tags":[197,70],"class_list":["post-2049","post","type-post","status-publish","format-standard","hentry","category-meninger-om-mangt-og-mye","tag-fotball","tag-politikk"],"_links":{"self":[{"href":"http:\/\/iskwew.com\/blogg\/wp-json\/wp\/v2\/posts\/2049","targetHints":{"allow":["GET"]}}],"collection":[{"href":"http:\/\/iskwew.com\/blogg\/wp-json\/wp\/v2\/posts"}],"about":[{"href":"http:\/\/iskwew.com\/blogg\/wp-json\/wp\/v2\/types\/post"}],"author":[{"embeddable":true,"href":"http:\/\/iskwew.com\/blogg\/wp-json\/wp\/v2\/users\/29"}],"replies":[{"embeddable":true,"href":"http:\/\/iskwew.com\/blogg\/wp-json\/wp\/v2\/comments?post=2049"}],"version-history":[{"count":0,"href":"http:\/\/iskwew.com\/blogg\/wp-json\/wp\/v2\/posts\/2049\/revisions"}],"wp:attachment":[{"href":"http:\/\/iskwew.com\/blogg\/wp-json\/wp\/v2\/media?parent=2049"}],"wp:term":[{"taxonomy":"category","embeddable":true,"href":"http:\/\/iskwew.com\/blogg\/wp-json\/wp\/v2\/categories?post=2049"},{"taxonomy":"post_tag","embeddable":true,"href":"http:\/\/iskwew.com\/blogg\/wp-json\/wp\/v2\/tags?post=2049"}],"curies":[{"name":"wp","href":"https:\/\/api.w.org\/{rel}","templated":true}]}}