{"id":175,"date":"2006-07-26T11:23:06","date_gmt":"2006-07-26T09:23:06","guid":{"rendered":"http:\/\/iskwew.com\/blogg\/2006\/07\/26\/hvordan-%c3%b8delegge-for-sin-egen-sak\/"},"modified":"2008-02-27T16:13:38","modified_gmt":"2008-02-27T15:13:38","slug":"hvordan-%c3%b8delegge-for-sin-egen-sak","status":"publish","type":"post","link":"http:\/\/iskwew.com\/blogg\/2006\/07\/26\/hvordan-%c3%b8delegge-for-sin-egen-sak\/","title":{"rendered":"Hvordan \u00f8delegge for sin egen sak"},"content":{"rendered":"<p>I <a href=\"http:\/\/www.dagbladet.no\/nyheter\/2006\/07\/25\/472244.html\">avisen i dag<\/a> leser jeg at den Israelske ambassaden innklager en tegning av Finn Graff til Pressens faglige utvalg.  Tegningen gj\u00f8r en sammenligning av det Israel gj\u00f8r i Libanon og i de palestinske omr\u00e5dene med det som skjedde med j\u00f8dene under nazismen.<\/p>\n<p>Om denne sammenligningen kan man mene mangt og mye, og det gj\u00f8r jeg ogs\u00e5.  Den er ganske smakl\u00f8s, men samtidig relevant.<br \/>\nMin politiske oppv\u00e5kning kom i 1976 (ikke 1973 som opprinnelig skrevet), da palestinere ble massakrert i flyktningeleiren Tel al Zataar (Ikke Shabra og Shatila som opprinnelig skrevet)  i S\u00f8r-Libanon, av militis st\u00f8ttet av Israel.  Men jeg orker ikke \u00e5 sette s\u00e5 mange av de meningene p\u00e5 trykk i sommevarmen, det er for viktig, og det er komplisert og fortjener at jeg eventuelt bruker litt tid.<\/p>\n<p>Jeg tror det er overm\u00e5te dumt \u00e5 innklage en karikatur for PFU.  Det \u00e5 ikke ha toleranse for noen som helst negative ytringer, og stadig og i alle sammenhenger rettferdiggj\u00f8re det meste med det som skjedde i Europa for 60 \u00e5r siden, det tror jeg folk er overm\u00e5te lei av.  Dette blir selvsagt \u00e5 rope Ulv, Ulv.  Det gj\u00f8r at n\u00e5r de virkelig hatske og rasitiske ytringene kommer, h\u00f8rer vi dem ikke, for vi er vant til \u00e5 f\u00e5 j\u00f8dehat slengt i trynet uansett hva noen har av kritiske merknader til det Israel bedriver.<\/p>\n<p>S\u00e5 jeg tror det hadde v\u00e6rt fornuftig av Israel \u00e5 overse en karikatur-tegning, og jeg h\u00e5per at PFU ikke tar klagen til f\u00f8lge.  For vi orker snart ikke h\u00f8re dette mer.  Vi tror ikke p\u00e5 det.  Det blir bare paranoid.  Og om man \u00f8nsker \u00e5 fremme sin egen sak, s\u00e5 tror jeg det \u00e5 sutre over karikaturtegninger virker mot sin hensikt s\u00e5 det holder.<\/p>\n","protected":false},"excerpt":{"rendered":"<p>I avisen i dag leser jeg at den Israelske ambassaden innklager en tegning av Finn Graff til Pressens faglige utvalg. Tegningen gj\u00f8r en sammenligning av det Israel gj\u00f8r i Libanon og i de palestinske omr\u00e5dene med det som skjedde med j\u00f8dene under nazismen. Om denne sammenligningen kan man mene mangt og mye, og det gj\u00f8r [&hellip;]<\/p>\n","protected":false},"author":29,"featured_media":0,"comment_status":"open","ping_status":"open","sticky":false,"template":"","format":"standard","meta":{"footnotes":""},"categories":[4],"tags":[98],"class_list":["post-175","post","type-post","status-publish","format-standard","hentry","category-meninger-om-mangt-og-mye","tag-ytringsfrihet"],"_links":{"self":[{"href":"http:\/\/iskwew.com\/blogg\/wp-json\/wp\/v2\/posts\/175","targetHints":{"allow":["GET"]}}],"collection":[{"href":"http:\/\/iskwew.com\/blogg\/wp-json\/wp\/v2\/posts"}],"about":[{"href":"http:\/\/iskwew.com\/blogg\/wp-json\/wp\/v2\/types\/post"}],"author":[{"embeddable":true,"href":"http:\/\/iskwew.com\/blogg\/wp-json\/wp\/v2\/users\/29"}],"replies":[{"embeddable":true,"href":"http:\/\/iskwew.com\/blogg\/wp-json\/wp\/v2\/comments?post=175"}],"version-history":[{"count":0,"href":"http:\/\/iskwew.com\/blogg\/wp-json\/wp\/v2\/posts\/175\/revisions"}],"wp:attachment":[{"href":"http:\/\/iskwew.com\/blogg\/wp-json\/wp\/v2\/media?parent=175"}],"wp:term":[{"taxonomy":"category","embeddable":true,"href":"http:\/\/iskwew.com\/blogg\/wp-json\/wp\/v2\/categories?post=175"},{"taxonomy":"post_tag","embeddable":true,"href":"http:\/\/iskwew.com\/blogg\/wp-json\/wp\/v2\/tags?post=175"}],"curies":[{"name":"wp","href":"https:\/\/api.w.org\/{rel}","templated":true}]}}