{"id":1179,"date":"2008-01-18T23:08:32","date_gmt":"2008-01-18T22:08:32","guid":{"rendered":"http:\/\/iskwew.com\/blogg\/2008\/01\/18\/kunnskapsdepartementet-vil-snikinnfore-forskningsdatabase\/"},"modified":"2008-02-25T21:09:24","modified_gmt":"2008-02-25T20:09:24","slug":"kunnskapsdepartementet-vil-snikinnfore-forskningsdatabase","status":"publish","type":"post","link":"http:\/\/iskwew.com\/blogg\/2008\/01\/18\/kunnskapsdepartementet-vil-snikinnfore-forskningsdatabase\/","title":{"rendered":"Kunnskapsdepartementet vil snikinnf\u00f8re forskningsdatabase"},"content":{"rendered":"<p>I h\u00f8ringsforslaget til ny barnehagelov er det lagt inn et forslag til innf\u00f8ring av en database over barnehagebarn.  Begrunnelsen for denne databasen er vagt angitt til <em>&#8220;utarbeiding av statistikk, forskning og analyse for \u00e5 unders\u00f8ke langsiktige effekter av deltagelse i barnehage i forhold til senere utdanning samt andre forhold som har betydning for en sosial utjevning\u201d.<\/em><\/p>\n<p>Kommunene skal p\u00e5legges en plikt til \u00e5 rapportere inn i databasen, som skal inneholde alle barnehagebarn herfra til evigheten.  <a href=\"http:\/\/www.datatilsynet.no\/templates\/Page____2123.aspx\" target=\"_blank\">Datatilsynet kommer i sin h\u00f8ringsuttalelse med en ganske krass kritikk av dette forslaget<\/a>, ettersom det ikke er angitt hvorfor dette er n\u00f8dvendig, hva slags opplysninger som skal ligge der, hvem som skal forvalte databasen og hvor lenge data skal lagres.  Det ser kort sagt ut til at Kunnskapsdepartementet vil samle absolutt alle barn i barnehage i denne databasen, og f\u00f8lge dem minst ut utdanningsl\u00f8pet.  Hva skal de s\u00e5 lagre om disse individene?  Karakterer?  Problemer? Forhold som gjelder mor og far?  Skal det kunne krysskobles til andre registre?  Ligning?  Politiet?  Om dette har de visst ikke tenkt s\u00e5 veldig mye.<\/p>\n<p>Her er det selvsagt noen helt \u00e5penbare personvernsp\u00f8rsm\u00e5l som man ikke har tatt inn over seg i Kunnskapsdepartementet.  Dette skal nemlig ikke v\u00e6re frivillig.  Det skal v\u00e6re tvungent.  P\u00e5 Dagsrevyen sa Datatilsynet at dataene ikke skal v\u00e6re anonymisert, de skal v\u00e6re pseudonymisert, det vil si at man vil kunne finne tilbake til den faktiske personen i registeret.<\/p>\n<p>N\u00e5r man s\u00e5 ikke har et klart bilde av verken<\/p>\n<ul>\n<li>hva slags informasjon som skal ligge der<\/li>\n<li>hva den skal brukes til<\/li>\n<li>hvem som skal forvalte den<\/li>\n<li>hvor lenge den skal lagres<\/li>\n<\/ul>\n<p>da er det veldig p\u00e5 sin plass at Datatilsynet roper varsko her.  En slik kartlegging av det som etterhvert blir en stor del av Norges befolkning, muligens fra vugge til grav, det har helt klare personvern-problemstillinger.<\/p>\n<p>Det virker s\u00e5 langt som at tanken er omtrent &#8220;kjekt \u00e5 ha&#8221;.<\/p>\n<p>Datatilsynet p\u00e5peker til slutt at de ikke synes det er spesielt godt tenkt at Kunnskapsdepartementet skal ha behandlingsansvaret for databasen.  De foresl\u00e5r at SSB vil v\u00e6re et bedre alternativ.  Det tror jeg de har rett i, for s\u00e5 langt ser det ikke ut som om de helt har tatt inn over seg hva det vil si \u00e5 lage slike databaser.  Jeg tviler ogs\u00e5 p\u00e5 at de har kompetansen til \u00e5 forvalte den.<\/p>\n<p>I Norge er vi slett ikke flinke n\u00e5r det gjelder personvern.  Det meste synes myndighetene det er greit \u00e5 lagre om oss.  Til og med offentliggj\u00f8re om oss, som v\u00e5re privat\u00f8konomiske forhold.  Storebror s\u00f8rger for \u00e5 se oss rimelig godt.<\/p>\n<p>Heldigvis er ikke Tigerungen barnehagebarn lenger.  Han kommer ikke pseudonymisert inn i noe slikt register.<\/p>\n","protected":false},"excerpt":{"rendered":"<p>I h\u00f8ringsforslaget til ny barnehagelov er det lagt inn et forslag til innf\u00f8ring av en database over barnehagebarn. Begrunnelsen for denne databasen er vagt angitt til &#8220;utarbeiding av statistikk, forskning og analyse for \u00e5 unders\u00f8ke langsiktige effekter av deltagelse i barnehage i forhold til senere utdanning samt andre forhold som har betydning for en sosial [&hellip;]<\/p>\n","protected":false},"author":29,"featured_media":0,"comment_status":"open","ping_status":"open","sticky":false,"template":"","format":"standard","meta":{"footnotes":""},"categories":[4],"tags":[95],"class_list":["post-1179","post","type-post","status-publish","format-standard","hentry","category-meninger-om-mangt-og-mye","tag-personvern"],"_links":{"self":[{"href":"http:\/\/iskwew.com\/blogg\/wp-json\/wp\/v2\/posts\/1179","targetHints":{"allow":["GET"]}}],"collection":[{"href":"http:\/\/iskwew.com\/blogg\/wp-json\/wp\/v2\/posts"}],"about":[{"href":"http:\/\/iskwew.com\/blogg\/wp-json\/wp\/v2\/types\/post"}],"author":[{"embeddable":true,"href":"http:\/\/iskwew.com\/blogg\/wp-json\/wp\/v2\/users\/29"}],"replies":[{"embeddable":true,"href":"http:\/\/iskwew.com\/blogg\/wp-json\/wp\/v2\/comments?post=1179"}],"version-history":[{"count":0,"href":"http:\/\/iskwew.com\/blogg\/wp-json\/wp\/v2\/posts\/1179\/revisions"}],"wp:attachment":[{"href":"http:\/\/iskwew.com\/blogg\/wp-json\/wp\/v2\/media?parent=1179"}],"wp:term":[{"taxonomy":"category","embeddable":true,"href":"http:\/\/iskwew.com\/blogg\/wp-json\/wp\/v2\/categories?post=1179"},{"taxonomy":"post_tag","embeddable":true,"href":"http:\/\/iskwew.com\/blogg\/wp-json\/wp\/v2\/tags?post=1179"}],"curies":[{"name":"wp","href":"https:\/\/api.w.org\/{rel}","templated":true}]}}