{"id":1095,"date":"2007-11-28T09:04:19","date_gmt":"2007-11-28T08:04:19","guid":{"rendered":"http:\/\/iskwew.com\/blogg\/2007\/11\/28\/kutter-manedskortprisen-i-oslo\/"},"modified":"2008-02-25T21:45:05","modified_gmt":"2008-02-25T20:45:05","slug":"kutter-manedskortprisen-i-oslo","status":"publish","type":"post","link":"http:\/\/iskwew.com\/blogg\/2007\/11\/28\/kutter-manedskortprisen-i-oslo\/","title":{"rendered":"Kutter m\u00e5nedskortprisen i Oslo"},"content":{"rendered":"<p>I g\u00e5r ble resultatet fra forhandlingene mellom de borgelige i Oslo kommune kjent, og i det forliket ligger det blant annet <a href=\"http:\/\/oslopuls.no\/article2123345.ece\" target=\"_blank\">kutt i prisen p\u00e5 m\u00e5nedskort<\/a>.  Prisen g\u00e5r ned fra 720\/670 til 550 kroner.  Regningen er estimert til 50 millioner kroner.<\/p>\n<p>Dette er selvsagt veldig gode nyheter.  \u00c5 gj\u00f8re det attraktivt \u00e5 bruke kollektivtransport er nettopp det som m\u00e5 til for at folk skal gj\u00f8re det, i st\u00f8rre grad.  Men n\u00e5r det er sagt er jeg ikke helt sikker p\u00e5 at det hjelper s\u00e5 mye \u00e5 kutte prisene i Oslo.  Sannsynligvis bruker de fleste som kan bruke kollektiv transport, allerede den muligheten.  De som derimot b\u00f8r bruke det i st\u00f8rre grad er de som kommer fra omr\u00e5dene rundt Oslo.  Alts\u00e5 er det StorOslo Lokaltrafikk som m\u00e5 kutte prisene om det virkelig skal monne.<\/p>\n<p>Mitt m\u00e5nedskort, som g\u00e5r til Oslo og deler av B\u00e6rum koster n\u00e5 905 kroner.  Det er alts\u00e5 betydelig dyrere.  N\u00e5r kommer SL p\u00e5 banen?  F\u00f8r det kuttes der tror jeg neppe vi f\u00e5r stor nok effekt av priskutt.  Men det er selvsagt et skritt i riktig retning, \u00e6re v\u00e6re bystyre-flertallet for det.<\/p>\n<p>Dette er vel strengt tatt ikke en dag der det er s\u00e5 lett \u00e5 snakke om kollektivtransportens fortreffelighet, for\u00f8vrig.  Etter en <a href=\"http:\/\/www.aftenposten.no\/nyheter\/oslo\/article2124044.ece\" target=\"_blank\">brann i OsloS-tunnellen <\/a>i natt st\u00e5r alle tog i Oslo-omr\u00e5det.  NSB har klart \u00e5 skaffe 20 busser, visstnok, til 80.000 passasjerer.  Jeg var f\u00f8re var og tidlig ute i dag, siden jeg tenkte at E18 nok var s\u00e5 pakket av biler at det ville lage k\u00f8er p\u00e5 tilf\u00f8rselsveiene ogs\u00e5.  Men nei, det var betydelig f\u00e6rre biler enn normalt.  Kanskje folk har gitt opp?<\/p>\n","protected":false},"excerpt":{"rendered":"<p>I g\u00e5r ble resultatet fra forhandlingene mellom de borgelige i Oslo kommune kjent, og i det forliket ligger det blant annet kutt i prisen p\u00e5 m\u00e5nedskort. Prisen g\u00e5r ned fra 720\/670 til 550 kroner. Regningen er estimert til 50 millioner kroner. Dette er selvsagt veldig gode nyheter. \u00c5 gj\u00f8re det attraktivt \u00e5 bruke kollektivtransport er [&hellip;]<\/p>\n","protected":false},"author":29,"featured_media":0,"comment_status":"open","ping_status":"open","sticky":false,"template":"","format":"standard","meta":{"footnotes":""},"categories":[1],"tags":[182,115],"class_list":["post-1095","post","type-post","status-publish","format-standard","hentry","category-uncategorized","tag-brum","tag-kollektivtransport"],"_links":{"self":[{"href":"http:\/\/iskwew.com\/blogg\/wp-json\/wp\/v2\/posts\/1095","targetHints":{"allow":["GET"]}}],"collection":[{"href":"http:\/\/iskwew.com\/blogg\/wp-json\/wp\/v2\/posts"}],"about":[{"href":"http:\/\/iskwew.com\/blogg\/wp-json\/wp\/v2\/types\/post"}],"author":[{"embeddable":true,"href":"http:\/\/iskwew.com\/blogg\/wp-json\/wp\/v2\/users\/29"}],"replies":[{"embeddable":true,"href":"http:\/\/iskwew.com\/blogg\/wp-json\/wp\/v2\/comments?post=1095"}],"version-history":[{"count":0,"href":"http:\/\/iskwew.com\/blogg\/wp-json\/wp\/v2\/posts\/1095\/revisions"}],"wp:attachment":[{"href":"http:\/\/iskwew.com\/blogg\/wp-json\/wp\/v2\/media?parent=1095"}],"wp:term":[{"taxonomy":"category","embeddable":true,"href":"http:\/\/iskwew.com\/blogg\/wp-json\/wp\/v2\/categories?post=1095"},{"taxonomy":"post_tag","embeddable":true,"href":"http:\/\/iskwew.com\/blogg\/wp-json\/wp\/v2\/tags?post=1095"}],"curies":[{"name":"wp","href":"https:\/\/api.w.org\/{rel}","templated":true}]}}