{"id":1009,"date":"2007-09-26T21:08:27","date_gmt":"2007-09-26T19:08:27","guid":{"rendered":"http:\/\/iskwew.com\/blogg\/2007\/09\/26\/ga-i-r%c3%b8dt-pa-fredag\/"},"modified":"2008-02-25T22:35:07","modified_gmt":"2008-02-25T21:35:07","slug":"ga-i-r%c3%b8dt-pa-fredag","status":"publish","type":"post","link":"http:\/\/iskwew.com\/blogg\/2007\/09\/26\/ga-i-r%c3%b8dt-pa-fredag\/","title":{"rendered":"G\u00e5 i r\u00f8dt p\u00e5 fredag"},"content":{"rendered":"<p>som en stille st\u00f8tte til folket i Burma.  Det brutale milit\u00e6rdiktaturet i Burma er i gang med \u00e5 sl\u00e5 ned de fredelige demonstrasjonene for frihet til Burmas folk som har p\u00e5g\u00e5tt en stund.  Munker og vanlige mennesker st\u00e5r foran gev\u00e6rmunninger og tanks, med livet som innsats.  For 19 \u00e5r siden ble 3.000 mennesker slaktet ned etter lignende demonstrasjoner.  Burma har v\u00e6rt styrt av en milit\u00e6rjunta siden 1962 &#8211; alts\u00e5 s\u00e5 lenge jeg har levd, vokst opp, utviklet meg og levd som et fritt menneske.<\/p>\n<p style=\"text-align: center\">\n<p>Du m\u00e5 ikke g\u00e5 til ditt kj\u00f8pmannskap<br \/>\nog tenke p\u00e5 hva der gir vinning og tap!<br \/>\nDu m\u00e5 ikke skylde p\u00e5 \u00e5ker og fe<br \/>\nog at du har mer enn nok med det!<br \/>\nDu m\u00e5 ikke sitte trygt i ditt hjem<br \/>\nog si: Det er s\u00f8rgelig, stakkars dem!<br \/>\nDu m\u00e5 ikke t\u00e5le s\u00e5 inderlig vel<br \/>\nden urett som ikke rammer deg selv!<br \/>\nJeg roper med siste pust av min stemme<br \/>\nDu har ikke lov \u00e5 g\u00e5 der og glemme!<\/p>\n<p>Arnulf \u00d8verland (Hele diktet <a href=\"http:\/\/home.no.net\/vegtam\/dikt\/sove.html\" target=\"_blank\">her<\/a>)<\/p>\n","protected":false},"excerpt":{"rendered":"<p>som en stille st\u00f8tte til folket i Burma. Det brutale milit\u00e6rdiktaturet i Burma er i gang med \u00e5 sl\u00e5 ned de fredelige demonstrasjonene for frihet til Burmas folk som har p\u00e5g\u00e5tt en stund. Munker og vanlige mennesker st\u00e5r foran gev\u00e6rmunninger og tanks, med livet som innsats. For 19 \u00e5r siden ble 3.000 mennesker slaktet ned [&hellip;]<\/p>\n","protected":false},"author":29,"featured_media":0,"comment_status":"open","ping_status":"open","sticky":false,"template":"","format":"standard","meta":{"footnotes":""},"categories":[4],"tags":[98],"class_list":["post-1009","post","type-post","status-publish","format-standard","hentry","category-meninger-om-mangt-og-mye","tag-ytringsfrihet"],"_links":{"self":[{"href":"http:\/\/iskwew.com\/blogg\/wp-json\/wp\/v2\/posts\/1009","targetHints":{"allow":["GET"]}}],"collection":[{"href":"http:\/\/iskwew.com\/blogg\/wp-json\/wp\/v2\/posts"}],"about":[{"href":"http:\/\/iskwew.com\/blogg\/wp-json\/wp\/v2\/types\/post"}],"author":[{"embeddable":true,"href":"http:\/\/iskwew.com\/blogg\/wp-json\/wp\/v2\/users\/29"}],"replies":[{"embeddable":true,"href":"http:\/\/iskwew.com\/blogg\/wp-json\/wp\/v2\/comments?post=1009"}],"version-history":[{"count":0,"href":"http:\/\/iskwew.com\/blogg\/wp-json\/wp\/v2\/posts\/1009\/revisions"}],"wp:attachment":[{"href":"http:\/\/iskwew.com\/blogg\/wp-json\/wp\/v2\/media?parent=1009"}],"wp:term":[{"taxonomy":"category","embeddable":true,"href":"http:\/\/iskwew.com\/blogg\/wp-json\/wp\/v2\/categories?post=1009"},{"taxonomy":"post_tag","embeddable":true,"href":"http:\/\/iskwew.com\/blogg\/wp-json\/wp\/v2\/tags?post=1009"}],"curies":[{"name":"wp","href":"https:\/\/api.w.org\/{rel}","templated":true}]}}